{"id":34351,"date":"2023-08-24T13:01:12","date_gmt":"2023-08-24T13:01:12","guid":{"rendered":"https:\/\/elinformante.mx\/?p=34351"},"modified":"2023-08-24T13:01:13","modified_gmt":"2023-08-24T13:01:13","slug":"liga-femenina-de-espana-pide-la-cabeza-de-luis-rubiales","status":"publish","type":"post","link":"https:\/\/elinformante.mx\/?p=34351","title":{"rendered":"Liga Femenina de Espa\u00f1a pide \u201cla cabeza\u201d de Luis Rubiales"},"content":{"rendered":"\n<blockquote class=\"wp-block-quote is-layout-flow wp-block-quote-is-layout-flow\">\n<p>Present\u00f3 una denuncia ante el Consejo Superior de Deportes, solicitando la inhabilitaci\u00f3n del presidente de RFEF.<\/p>\n<\/blockquote>\n\n\n\n<p>La Liga Profesional de Futbol Femenino (Liga F) ha presentado una denuncia ante el Consejo Superior de Deportes (CSD), solicitando la inhabilitaci\u00f3n del presidente de la Real Federaci\u00f3n Espa\u00f1ola de Futbol (RFEF), Luis Rubiales, por \u201censuciar\u201d con un \u201cbochornoso comportamiento\u201c, la conquista de la Copa Mundial Femenil de la FIFA.<br><\/p>\n\n\n\n<p>La Liga F ha presentado una denuncia ante el presidente del Consejo Superior de Deportes por los grav\u00edsimos hechos y conductas llevadas a cabo por el presidente de la Real Federaci\u00f3n Espa\u00f1ola de Futbol, Luis Rubiales, en el marco de la Final de la Copa del Mundo Femenina, solicitando su inhabilitaci\u00f3n\u201d, asegura el comunicado.<br><\/p>\n\n\n\n<p>La Liga F lamenta que \u201cuna de las mayores gestas de la historia del deporte espa\u00f1ol\u201d se viese \u201censuciada\u201d por lo que define como \u201cbochornoso comportamiento del m\u00e1ximo representante del futbol espa\u00f1ol\u201d, Luis Rubiales, de quien critica \u201csu continuo y habitual af\u00e1n de protagonismo\u201d, que, apunta, le hizo \u201cno estar a la altura del cargo que ostenta\u201d.<br><\/p>\n\n\n\n<p>\u201cCelebrar el triunfo en el palco de autoridades agarr\u00e1ndose los genitales al lado de S.M. La Reina y Su Alteza Real la Infanta Do\u00f1a Sof\u00eda es inadmisible y repugnante. Que un jefe agarre de la cabeza a su trabajadora y la bese en la boca, sencillamente, no puede tolerarse\u201d, denuncia La Liga F.<br><\/p>\n\n\n\n<p>\u201cTildar p\u00fablicamente de \u2018gilipollas, tontos del culo y pringaos\u2019 a aquellos que reprochan tales actitudes es inadmisible y repugnante. Las justificaciones posteriores no reflejan su manera de pensar y son, como as\u00ed calific\u00f3 el presidente del Gobierno, \u2018inadecuadas\u2019\u201d, a\u00f1ade.<br><\/p>\n\n\n\n<p>Resalta el comunicado la \u201chist\u00f3rica alarma social a nivel mundial\u201d que se ha generado tras los hechos que indica. \u201cNo se trata \u00fanicamente del beso. Se trata de una actitud que se encuentra muy alejada de los valores de nuestra sociedad que ha pasado a la historia del deporte mundial y, lo m\u00e1s grave, que quedar\u00e1 por siempre vinculada a nuestra Selecci\u00f3n Femenina\u201d, lamenta.<br><\/p>\n\n\n\n<p>\u201cSe trata de un bochorno internacional sin precedentes para la Marca Espa\u00f1a, para el deporte espa\u00f1ol y para el futbol femenil mundial. Cuando el mundo deb\u00eda tener los ojos puestos en nuestras futbolistas, el presidente consigui\u00f3 que los ojos del mundo se centraran en su \u201cvirilidad\u201d\u201d, agreg\u00f3 pidiendo que estos cap\u00edtulos no se queden sin consecuencias.<br><\/p>\n\n\n\n<p>Para la instituci\u00f3n \u201ces el momento de dar un paso adelante\u201d y si no hay consecuencias, asegur\u00f3 que \u201cser\u00eda una humillaci\u00f3n para todas las mujeres y la mayor derrota del deporte espa\u00f1ol y de nuestro pa\u00eds\u201d.<br><\/p>\n\n\n\n<p>\u201cLos grandes cambios suelen llegar tras grandes crisis. La uni\u00f3n mostrada por la sociedad espa\u00f1ola, el \u00e9xito de nuestras futbolistas, el f\u00fatbol femenino y la mujer en el deporte ser\u00e1n los que cambien el destino del deporte y del f\u00fatbol espa\u00f1ol y acaben con este tipo de dirigentes y comportamientos. Espa\u00f1a y el futbol espa\u00f1ol no merecen un representante de este nivel, y las instituciones deben acompa\u00f1ar y dar respuesta al sentir de la sociedad\u201d.<\/p>\n","protected":false},"excerpt":{"rendered":"<p>Present\u00f3 una denuncia ante el Consejo Superior de Deportes, solicitando la inhabilitaci\u00f3n del presidente de RFEF. La Liga Profesional de Futbol Femenino (Liga F) ha presentado una denuncia ante el Consejo Superior de Deportes (CSD), solicitando la inhabilitaci\u00f3n del presidente de la Real Federaci\u00f3n Espa\u00f1ola de Futbol (RFEF), Luis Rubiales, por \u201censuciar\u201d con un \u201cbochornoso [&hellip;]<\/p>\n","protected":false},"author":1,"featured_media":34352,"comment_status":"closed","ping_status":"closed","sticky":false,"template":"","format":"standard","meta":{"footnotes":""},"categories":[38],"tags":[],"class_list":["post-34351","post","type-post","status-publish","format-standard","has-post-thumbnail","hentry","category-deportes"],"_links":{"self":[{"href":"https:\/\/elinformante.mx\/index.php?rest_route=\/wp\/v2\/posts\/34351","targetHints":{"allow":["GET"]}}],"collection":[{"href":"https:\/\/elinformante.mx\/index.php?rest_route=\/wp\/v2\/posts"}],"about":[{"href":"https:\/\/elinformante.mx\/index.php?rest_route=\/wp\/v2\/types\/post"}],"author":[{"embeddable":true,"href":"https:\/\/elinformante.mx\/index.php?rest_route=\/wp\/v2\/users\/1"}],"replies":[{"embeddable":true,"href":"https:\/\/elinformante.mx\/index.php?rest_route=%2Fwp%2Fv2%2Fcomments&post=34351"}],"version-history":[{"count":0,"href":"https:\/\/elinformante.mx\/index.php?rest_route=\/wp\/v2\/posts\/34351\/revisions"}],"wp:featuredmedia":[{"embeddable":true,"href":"https:\/\/elinformante.mx\/index.php?rest_route=\/wp\/v2\/media\/34352"}],"wp:attachment":[{"href":"https:\/\/elinformante.mx\/index.php?rest_route=%2Fwp%2Fv2%2Fmedia&parent=34351"}],"wp:term":[{"taxonomy":"category","embeddable":true,"href":"https:\/\/elinformante.mx\/index.php?rest_route=%2Fwp%2Fv2%2Fcategories&post=34351"},{"taxonomy":"post_tag","embeddable":true,"href":"https:\/\/elinformante.mx\/index.php?rest_route=%2Fwp%2Fv2%2Ftags&post=34351"}],"curies":[{"name":"wp","href":"https:\/\/api.w.org\/{rel}","templated":true}]}}