{"id":34360,"date":"2023-08-24T13:08:17","date_gmt":"2023-08-24T13:08:17","guid":{"rendered":"https:\/\/elinformante.mx\/?p=34360"},"modified":"2023-08-24T13:08:18","modified_gmt":"2023-08-24T13:08:18","slug":"inauguran-sala-de-lactancia-en-el-penal-de-santiaguito","status":"publish","type":"post","link":"https:\/\/elinformante.mx\/?p=34360","title":{"rendered":"Inauguran sala de lactancia en el penal de Santiaguito"},"content":{"rendered":"\n<blockquote class=\"wp-block-quote is-layout-flow wp-block-quote-is-layout-flow\">\n<p>Las mujeres asignadas a las labores de custodia contar\u00e1n con un espacio digno para continuar con la lactancia de sus hijos.<\/p>\n<\/blockquote>\n\n\n\n<p>La Secretar\u00eda de Seguridad (SS), a trav\u00e9s de la Subsecretar\u00eda de Control Penitenciario y la Asociaci\u00f3n Civil Reinserta inauguraron una sala de lactancia materna en el Centro Penitenciario y de Reinserci\u00f3n Social (CPRS) de \u201cSantiaguito\u201d, con el prop\u00f3sito de garantizar un espacio digno, privado y accesible, que cuente con protocolos de higiene necesarios para el personal femenino que aqu\u00ed labora y se encuentra en periodo de amamantar. Esto como parte de la iniciativa \u00abConciliaci\u00f3n de la Vida Laboral y Familiar en el Sistema Penitenciario\u00bb.<br><\/p>\n\n\n\n<p>El objetivo es que cuenten con un espacio digno, privado, higi\u00e9nico y accesible para que amamanten o extraigan y conserven adecuadamente su leche.<br><\/p>\n\n\n\n<p>En el patio principal de este penal, el titular de la SS, Rodrigo Mart\u00ednez-Celis Wogau refiri\u00f3 que se pretende dignificar la labor de trabajadoras madres de familia y generar un espacio donde las mam\u00e1s puedan llevar a cabo dicho proceso y as\u00ed garantizar el derecho humano a una alimentaci\u00f3n adecuada para sus hijas e hijos. A\u00f1adi\u00f3 que esta instalaci\u00f3n se suma a las cinco existentes en diferentes puntos y edificios de la SS.<br><\/p>\n\n\n\n<figure class=\"wp-block-image size-large\"><img fetchpriority=\"high\" decoding=\"async\" width=\"1024\" height=\"503\" src=\"https:\/\/elinformante.mx\/wp-content\/uploads\/2023\/08\/INAUGURA-7-1024x503.jpg\" alt=\"\" class=\"wp-image-34362\" srcset=\"https:\/\/elinformante.mx\/wp-content\/uploads\/2023\/08\/INAUGURA-7-1024x503.jpg 1024w, https:\/\/elinformante.mx\/wp-content\/uploads\/2023\/08\/INAUGURA-7-300x147.jpg 300w, https:\/\/elinformante.mx\/wp-content\/uploads\/2023\/08\/INAUGURA-7-768x377.jpg 768w, https:\/\/elinformante.mx\/wp-content\/uploads\/2023\/08\/INAUGURA-7-580x285.jpg 580w, https:\/\/elinformante.mx\/wp-content\/uploads\/2023\/08\/INAUGURA-7-860x422.jpg 860w, https:\/\/elinformante.mx\/wp-content\/uploads\/2023\/08\/INAUGURA-7.jpg 1140w\" sizes=\"(max-width: 1024px) 100vw, 1024px\" \/><\/figure>\n\n\n\n<p>Por su parte Saskia Ni\u00f1o de Rivera Cover, Co- Fundadora de Reinserta agradeci\u00f3 a las autoridades que han brindado el apoyo y las facilidades a lo largo del sexenio, al crear alianzas que han generado proyectos importantes en beneficio de las Personas Privadas de la Libertad (PPL) y mujeres trabajadoras de los CPRS mexiquenses y sus familias.<br><\/p>\n\n\n\n<p>En su oportunidad Jacobo Rodr\u00edguez Garc\u00eda, Subsecretario de Control Penitenciario manifest\u00f3 que cada una de las \u00e1reas en los CPRS mexiquenses est\u00e1n pensadas y dise\u00f1adas para generar una adecuada reinserci\u00f3n social; sin embargo, es de suma importancia el eje de trabajo que se refiere a las y los custodios que diariamente trabajan para que exista gobernabilidad y a\u00f1adi\u00f3 que actualmente se ha alcanzado la paridad de g\u00e9nero, ya que existen 11 directoras y 11 directores, que encabezan el Sistema Penitenciario.<br><\/p>\n\n\n\n<p>Para finalizar, la titular de la Secretar\u00eda T\u00e9cnica y de Igualdad de G\u00e9nero de la SS, Mar\u00eda Jos\u00e9 Gonz\u00e1lez Cruz realiz\u00f3 una explicaci\u00f3n y recorrido de las instalaciones del lactario que cuenta con refrigerador, cinco sillones, lavabo, dos mesas, frascos para almacenar la leche, cesto de basura, una pantalla de televisi\u00f3n, en la que se transmiten videos alusivos a manuales de t\u00e9cnicas de amamantamiento, folletos informativos y plantas que ambientan el lugar; adem\u00e1s, tiene un horario a libre demanda para atender las necesidades de alimentaci\u00f3n de las y los infantes.<br><\/p>\n\n\n\n<p>El lactario cuenta con las especificaciones de instalaci\u00f3n y funcionamiento con los requerimientos para su instalaci\u00f3n, avalados por el Instituto Mexicano del Seguro Social (IMSS), el Fondo de las Naciones Unidas para la Infancia (UNICEF) y la Secretar\u00eda del Trabajo y Previsi\u00f3n Social (STPS); actualmente el CPRS cuenta con dos custodias embarazadas.<\/p>\n\n\n\n<figure class=\"wp-block-image size-large\"><img decoding=\"async\" width=\"1024\" height=\"503\" src=\"https:\/\/elinformante.mx\/wp-content\/uploads\/2023\/08\/INAUGURA-3-2-1024x503.jpg\" alt=\"\" class=\"wp-image-34363\" srcset=\"https:\/\/elinformante.mx\/wp-content\/uploads\/2023\/08\/INAUGURA-3-2-1024x503.jpg 1024w, https:\/\/elinformante.mx\/wp-content\/uploads\/2023\/08\/INAUGURA-3-2-300x147.jpg 300w, https:\/\/elinformante.mx\/wp-content\/uploads\/2023\/08\/INAUGURA-3-2-768x377.jpg 768w, https:\/\/elinformante.mx\/wp-content\/uploads\/2023\/08\/INAUGURA-3-2-580x285.jpg 580w, https:\/\/elinformante.mx\/wp-content\/uploads\/2023\/08\/INAUGURA-3-2-860x422.jpg 860w, https:\/\/elinformante.mx\/wp-content\/uploads\/2023\/08\/INAUGURA-3-2.jpg 1140w\" sizes=\"(max-width: 1024px) 100vw, 1024px\" \/><\/figure>\n","protected":false},"excerpt":{"rendered":"<p>Las mujeres asignadas a las labores de custodia contar\u00e1n con un espacio digno para continuar con la lactancia de sus hijos. La Secretar\u00eda de Seguridad (SS), a trav\u00e9s de la Subsecretar\u00eda de Control Penitenciario y la Asociaci\u00f3n Civil Reinserta inauguraron una sala de lactancia materna en el Centro Penitenciario y de Reinserci\u00f3n Social (CPRS) de [&hellip;]<\/p>\n","protected":false},"author":1,"featured_media":34361,"comment_status":"closed","ping_status":"closed","sticky":false,"template":"","format":"standard","meta":{"footnotes":""},"categories":[36,37],"tags":[],"class_list":["post-34360","post","type-post","status-publish","format-standard","has-post-thumbnail","hentry","category-edomex","category-justicia"],"_links":{"self":[{"href":"https:\/\/elinformante.mx\/index.php?rest_route=\/wp\/v2\/posts\/34360","targetHints":{"allow":["GET"]}}],"collection":[{"href":"https:\/\/elinformante.mx\/index.php?rest_route=\/wp\/v2\/posts"}],"about":[{"href":"https:\/\/elinformante.mx\/index.php?rest_route=\/wp\/v2\/types\/post"}],"author":[{"embeddable":true,"href":"https:\/\/elinformante.mx\/index.php?rest_route=\/wp\/v2\/users\/1"}],"replies":[{"embeddable":true,"href":"https:\/\/elinformante.mx\/index.php?rest_route=%2Fwp%2Fv2%2Fcomments&post=34360"}],"version-history":[{"count":0,"href":"https:\/\/elinformante.mx\/index.php?rest_route=\/wp\/v2\/posts\/34360\/revisions"}],"wp:featuredmedia":[{"embeddable":true,"href":"https:\/\/elinformante.mx\/index.php?rest_route=\/wp\/v2\/media\/34361"}],"wp:attachment":[{"href":"https:\/\/elinformante.mx\/index.php?rest_route=%2Fwp%2Fv2%2Fmedia&parent=34360"}],"wp:term":[{"taxonomy":"category","embeddable":true,"href":"https:\/\/elinformante.mx\/index.php?rest_route=%2Fwp%2Fv2%2Fcategories&post=34360"},{"taxonomy":"post_tag","embeddable":true,"href":"https:\/\/elinformante.mx\/index.php?rest_route=%2Fwp%2Fv2%2Ftags&post=34360"}],"curies":[{"name":"wp","href":"https:\/\/api.w.org\/{rel}","templated":true}]}}