{"id":34365,"date":"2023-08-24T13:13:17","date_gmt":"2023-08-24T13:13:17","guid":{"rendered":"https:\/\/elinformante.mx\/?p=34365"},"modified":"2023-08-24T13:13:17","modified_gmt":"2023-08-24T13:13:17","slug":"convocan-a-marcha-en-toluca-en-protesta-por-entrega-de-los-nuevos-libros-de-texto","status":"publish","type":"post","link":"https:\/\/elinformante.mx\/?p=34365","title":{"rendered":"Convocan a marcha en Toluca en protesta por entrega de los nuevos libros de texto"},"content":{"rendered":"\n<blockquote class=\"wp-block-quote is-layout-flow wp-block-quote-is-layout-flow\">\n<p>Mediante las redes sociales se ha convocado a quienes est\u00e9n en desacuerdo con los nuevos libros de texto de la SEP.<\/p>\n<\/blockquote>\n\n\n\n<p>Mediante las redes sociales, en Toluca, se convoca a una marcha que se suma a la movilizaci\u00f3n nacional, en protesta de la entrega de los nuevos libros de texto.<br><\/p>\n\n\n\n<p>Dicha marcha se realizar\u00e1 el domingo 27 de agosto, previo al inicio del Ciclo Escolar 2023-2024, el lunes 28 de agosto.<br><\/p>\n\n\n\n<p>La movilizaci\u00f3n podr\u00eda dirigirse a la Plaza de los M\u00e1rtires, en Toluca, no obstante, a\u00fan no ha sido confirmada la ruta por los organizadores.<br><\/p>\n\n\n\n<p>En la convocatoria se inform\u00f3 que el punto de concentraci\u00f3n ser\u00e1 la Glorieta del \u00c1guila sobre Paseo Col\u00f3n, en la capital mexiquense, a partir de las 10:00 de la ma\u00f1ana.<br><\/p>\n\n\n\n<p>De acuerdo con la convocatoria nacional, la movilizaci\u00f3n busca que padres y madres de familia, as\u00ed como docentes, que est\u00e9n inconformes con el contenido de los nuevos libros de textos que distribuir\u00e1 la Secretar\u00eda de Educaci\u00f3n P\u00fablica (SEP), salgan a las calles a manifestar su desacuerdo.<br><\/p>\n\n\n\n<p>Cabe mencionar que marchas similares tendr\u00e1n verificativo en otras ciudades de entidades, entre ellas Veracruz, Coahuila, Nuevo Le\u00f3n, Oaxaca, Baja California, Tlaxcala, Michoac\u00e1n, Puebla, Yucat\u00e1n, Colima, Chihuahua, San Luis Potos\u00ed y Quer\u00e9taro, entre otras, en las que se programaron entre el s\u00e1bado 26 y domingo 27 de agosto.<\/p>\n","protected":false},"excerpt":{"rendered":"<p>Mediante las redes sociales se ha convocado a quienes est\u00e9n en desacuerdo con los nuevos libros de texto de la SEP. Mediante las redes sociales, en Toluca, se convoca a una marcha que se suma a la movilizaci\u00f3n nacional, en protesta de la entrega de los nuevos libros de texto. Dicha marcha se realizar\u00e1 el [&hellip;]<\/p>\n","protected":false},"author":1,"featured_media":34366,"comment_status":"closed","ping_status":"closed","sticky":false,"template":"","format":"standard","meta":{"footnotes":""},"categories":[36],"tags":[],"class_list":["post-34365","post","type-post","status-publish","format-standard","has-post-thumbnail","hentry","category-edomex"],"_links":{"self":[{"href":"https:\/\/elinformante.mx\/index.php?rest_route=\/wp\/v2\/posts\/34365","targetHints":{"allow":["GET"]}}],"collection":[{"href":"https:\/\/elinformante.mx\/index.php?rest_route=\/wp\/v2\/posts"}],"about":[{"href":"https:\/\/elinformante.mx\/index.php?rest_route=\/wp\/v2\/types\/post"}],"author":[{"embeddable":true,"href":"https:\/\/elinformante.mx\/index.php?rest_route=\/wp\/v2\/users\/1"}],"replies":[{"embeddable":true,"href":"https:\/\/elinformante.mx\/index.php?rest_route=%2Fwp%2Fv2%2Fcomments&post=34365"}],"version-history":[{"count":0,"href":"https:\/\/elinformante.mx\/index.php?rest_route=\/wp\/v2\/posts\/34365\/revisions"}],"wp:featuredmedia":[{"embeddable":true,"href":"https:\/\/elinformante.mx\/index.php?rest_route=\/wp\/v2\/media\/34366"}],"wp:attachment":[{"href":"https:\/\/elinformante.mx\/index.php?rest_route=%2Fwp%2Fv2%2Fmedia&parent=34365"}],"wp:term":[{"taxonomy":"category","embeddable":true,"href":"https:\/\/elinformante.mx\/index.php?rest_route=%2Fwp%2Fv2%2Fcategories&post=34365"},{"taxonomy":"post_tag","embeddable":true,"href":"https:\/\/elinformante.mx\/index.php?rest_route=%2Fwp%2Fv2%2Ftags&post=34365"}],"curies":[{"name":"wp","href":"https:\/\/api.w.org\/{rel}","templated":true}]}}