{"id":34368,"date":"2023-08-24T13:14:17","date_gmt":"2023-08-24T13:14:17","guid":{"rendered":"https:\/\/elinformante.mx\/?p=34368"},"modified":"2023-08-24T13:14:18","modified_gmt":"2023-08-24T13:14:18","slug":"el-1-de-septiembre-zinacantepec-impartira-cursos-de-autoempleo","status":"publish","type":"post","link":"https:\/\/elinformante.mx\/?p=34368","title":{"rendered":"El 1 de septiembre Zinacantepec impartir\u00e1 cursos de autoempleo"},"content":{"rendered":"\n<blockquote class=\"wp-block-quote is-layout-flow wp-block-quote-is-layout-flow\">\n<p>Se trata de tres cursos, los cuales son: gelatina art\u00edstica de 9:30 horas a 12:30 horas; u\u00f1as de 15:00 horas a 18:00 horas; y extensi\u00f3n de pesta\u00f1as el 18 de septiembre de 15:00 horas a 18:00 horas.<\/p>\n<\/blockquote>\n\n\n\n<p>La presidencia municipal de Zinacantepec a cargo de Manuel Vilchis Viveros, llama a la ciudadan\u00eda a tomar los cursos de autoempleo que se estar\u00e1n llevando en el poblado de Santa Mar\u00eda del Monte.<br><\/p>\n\n\n\n<p>La cita es el pr\u00f3ximo 1 de septiembre y los cursos tienen la finalidad de que la poblaci\u00f3n se capacite, aprenda y emprenda y negocios propios.<br><\/p>\n\n\n\n<figure class=\"wp-block-image size-large\"><img fetchpriority=\"high\" decoding=\"async\" width=\"1024\" height=\"503\" src=\"https:\/\/elinformante.mx\/wp-content\/uploads\/2023\/08\/EL-1-DE-1024x503.jpg\" alt=\"\" class=\"wp-image-34370\" srcset=\"https:\/\/elinformante.mx\/wp-content\/uploads\/2023\/08\/EL-1-DE-1024x503.jpg 1024w, https:\/\/elinformante.mx\/wp-content\/uploads\/2023\/08\/EL-1-DE-300x147.jpg 300w, https:\/\/elinformante.mx\/wp-content\/uploads\/2023\/08\/EL-1-DE-768x377.jpg 768w, https:\/\/elinformante.mx\/wp-content\/uploads\/2023\/08\/EL-1-DE-580x285.jpg 580w, https:\/\/elinformante.mx\/wp-content\/uploads\/2023\/08\/EL-1-DE-860x422.jpg 860w, https:\/\/elinformante.mx\/wp-content\/uploads\/2023\/08\/EL-1-DE.jpg 1140w\" sizes=\"(max-width: 1024px) 100vw, 1024px\" \/><\/figure>\n\n\n\n<p>Para realizar tu inscripci\u00f3n, puedes hacerlo en la avenida La Magdalena, en el centro de Santa Mar\u00eda del Monte.<br><\/p>\n\n\n\n<p>Se trata de tres cursos, los cuales son: gelatina art\u00edstica de 9:30 horas a 12:30 horas; u\u00f1as de 15:00 horas a 18:00 horas; y extensi\u00f3n de pesta\u00f1as el 18 de septiembre de 15:00 horas a 18:00 horas.<br><\/p>\n\n\n\n<p>Los requisitos que necesitas llevar es una copia de tu CURP; copia de INE vigente; para los menores de edad: Incluir INE de padre, madre o tutor. La cuota de recuperaci\u00f3n de 40 pesos.<\/p>\n","protected":false},"excerpt":{"rendered":"<p>Se trata de tres cursos, los cuales son: gelatina art\u00edstica de 9:30 horas a 12:30 horas; u\u00f1as de 15:00 horas a 18:00 horas; y extensi\u00f3n de pesta\u00f1as el 18 de septiembre de 15:00 horas a 18:00 horas. La presidencia municipal de Zinacantepec a cargo de Manuel Vilchis Viveros, llama a la ciudadan\u00eda a tomar los [&hellip;]<\/p>\n","protected":false},"author":1,"featured_media":34369,"comment_status":"closed","ping_status":"closed","sticky":false,"template":"","format":"standard","meta":{"footnotes":""},"categories":[30,36],"tags":[],"class_list":["post-34368","post","type-post","status-publish","format-standard","has-post-thumbnail","hentry","category-destacado","category-edomex"],"_links":{"self":[{"href":"https:\/\/elinformante.mx\/index.php?rest_route=\/wp\/v2\/posts\/34368","targetHints":{"allow":["GET"]}}],"collection":[{"href":"https:\/\/elinformante.mx\/index.php?rest_route=\/wp\/v2\/posts"}],"about":[{"href":"https:\/\/elinformante.mx\/index.php?rest_route=\/wp\/v2\/types\/post"}],"author":[{"embeddable":true,"href":"https:\/\/elinformante.mx\/index.php?rest_route=\/wp\/v2\/users\/1"}],"replies":[{"embeddable":true,"href":"https:\/\/elinformante.mx\/index.php?rest_route=%2Fwp%2Fv2%2Fcomments&post=34368"}],"version-history":[{"count":0,"href":"https:\/\/elinformante.mx\/index.php?rest_route=\/wp\/v2\/posts\/34368\/revisions"}],"wp:featuredmedia":[{"embeddable":true,"href":"https:\/\/elinformante.mx\/index.php?rest_route=\/wp\/v2\/media\/34369"}],"wp:attachment":[{"href":"https:\/\/elinformante.mx\/index.php?rest_route=%2Fwp%2Fv2%2Fmedia&parent=34368"}],"wp:term":[{"taxonomy":"category","embeddable":true,"href":"https:\/\/elinformante.mx\/index.php?rest_route=%2Fwp%2Fv2%2Fcategories&post=34368"},{"taxonomy":"post_tag","embeddable":true,"href":"https:\/\/elinformante.mx\/index.php?rest_route=%2Fwp%2Fv2%2Ftags&post=34368"}],"curies":[{"name":"wp","href":"https:\/\/api.w.org\/{rel}","templated":true}]}}