{"id":34372,"date":"2023-08-24T13:17:29","date_gmt":"2023-08-24T13:17:29","guid":{"rendered":"https:\/\/elinformante.mx\/?p=34372"},"modified":"2023-08-24T13:17:30","modified_gmt":"2023-08-24T13:17:30","slug":"alertan-por-incremento-de-abuso-sexual-a-infancias-en-toluca","status":"publish","type":"post","link":"https:\/\/elinformante.mx\/?p=34372","title":{"rendered":"Alertan por incremento de abuso sexual a infancias en Toluca"},"content":{"rendered":"\n<blockquote class=\"wp-block-quote is-layout-flow wp-block-quote-is-layout-flow\">\n<p>Las v\u00edctimas sufren los abusos en escuelas tanto p\u00fablicas como privadas, en las que los agresores son profesores y due\u00f1os de las instituciones particulares.<\/p>\n<\/blockquote>\n\n\n\n<p>En la capital del Estado de M\u00e9xico increment\u00f3 la incidencia de casos de abuso sexual y violaci\u00f3n en ni\u00f1os (as) desde dos a\u00f1os de edad, en los que en el 90 por ciento de los casos, las agresiones se dan en el hogar, se\u00f1al\u00f3 Karina Guadarrama Jaimes, presidenta de la asociaci\u00f3n M\u00e1s Vida M\u00e1s Igualdad.<br><\/p>\n\n\n\n<p>Adem\u00e1s, dijo, las v\u00edctimas sufren los abusos en escuelas tanto p\u00fablicas como privadas, en las que los agresores son profesores y due\u00f1os de las instituciones particulares.<br><\/p>\n\n\n\n<p>De enero a la fecha la Asociaci\u00f3n M\u00e1s Vida y M\u00e1s Igualdad, dedicada a la atenci\u00f3n de v\u00edctimas de violencia en general, tiene registrados 15 casos de abuso sexual y violaci\u00f3n infantil y adolescente en el Valle de Toluca, principalmente, en la capital mexiquense. En los \u00faltimos siete a\u00f1os ha atendido a m\u00e1s de 100 menores v\u00edctimas de estos delitos.<br><\/p>\n\n\n\n<p>\u201cA partir de la pandemia incrementaron los casos en Toluca y algunos municipios cercanos como Zinacantepec, Ocoyoacac, Metepec, entre otros. Los m\u00e1s graves est\u00e1n en capital mexiquense, donde los principales responsables han sido profesores y due\u00f1os de escuelas particulares, hoy tenemos un caso muy fuerte del que no podemos hablar por el tema de presunci\u00f3n de inocencia\u201d, detall\u00f3 su presidenta Karina Guadarrama.<br><\/p>\n\n\n\n<p>De acuerdo con la Organizaci\u00f3n para la Cooperaci\u00f3n y el Desarrollo Econ\u00f3mico (OCDE) -dijo- en M\u00e9xico 5.4 millones de ni\u00f1as, ni\u00f1os y adolescentes son abusados cada a\u00f1o y de los mil casos que se llegan a denuncia s\u00f3lo uno llega a sentencia. En la entidad de 100 carpetas que se integran -destac\u00f3- solo una llega a sentencia despu\u00e9s de un proceso de m\u00e1s de un a\u00f1o.<br><\/p>\n\n\n\n<p>Durante su encuentro con integrantes de la C\u00e1mara Nacional de Comercio, Servicios y Turismo (Canaco-Servytur) del Valle de Toluca, apunt\u00f3 que en su Asociaci\u00f3n han atendido casos de menores de dos a\u00f1os en adelante que han sido v\u00edctimas en escuelas privadas y p\u00fablicas, incluso en guarder\u00edas.<br><\/p>\n\n\n\n<p>Sostuvo que se trata de un delito silencioso porque no se denuncia por la verg\u00fcenza que sienten los ni\u00f1os y los padres, as\u00ed como los tab\u00fa, ya que 90 por ciento de los agresores est\u00e1n dentro del hogar. Aunado a que 70 por ciento de los mexicanos lo ha sufrido en alg\u00fan momento de su vida y nunca lo han hecho p\u00fablico.<br><\/p>\n\n\n\n<p>\u201cLamentablemente el mensaje que env\u00edan las autoridades de que no se castiga este delito, ya que si al inicio no se arma bien la carpeta de investigaci\u00f3n se archiva. Las v\u00edctimas se cansan de asistir mil veces a la Fiscal\u00eda y no obtener justicia\u201d.<br><\/p>\n\n\n\n<p>Por ello, hay s\u00edntomas que los padres de familia deben tomar en cuenta para saber si sus hijos o hijas menores de cuatro a\u00f1os o que todav\u00eda no hablan muy bien han sufrido abuso sexual o una violaci\u00f3n, como el trastorno del sue\u00f1o, temor excesivo, no tienen hambre o por el contrario comen de m\u00e1s.<br><\/p>\n\n\n\n<p>Record\u00f3 que el abuso sexual implica tocamientos, miradas, expresiones lascivas y exhibici\u00f3n de pornograf\u00eda, mientras la violaci\u00f3n implica la penetraci\u00f3n sexual con violencia.<br><\/p>\n\n\n\n<p>Ante la magnitud de este problema -resalt\u00f3- el pr\u00f3ximo 30 de agosto lanzar\u00e1n la campa\u00f1a \u201cS\u00e9 un h\u00e9roe, alza la voz. Prevenci\u00f3n de abuso sexual infantil y adolescente\u201d, con la finalidad de prevenir este delito y salvaguardar la integridad f\u00edsica de los ni\u00f1os y ni\u00f1as.<br><\/p>\n\n\n\n<p>La intenci\u00f3n es que los menores est\u00e9n informados sobre el abuso sexual y lo hablen, que los padres sepan detectarlo y las autoridades e instituciones de justicia realmente hagan su trabajo y sentencien a los responsables.<br><\/p>\n\n\n\n<p>A esta campa\u00f1a -expres\u00f3- sumar\u00e1n a la Fiscal\u00eda General de Justicia del Estado de M\u00e9xico (FGJEM) para cuidad la salud emocional de los ni\u00f1os, que ya de por s\u00ed tienen traumatismos por las agresiones, que siguen siendo revictimizados por las autoridades.<\/p>\n","protected":false},"excerpt":{"rendered":"<p>Las v\u00edctimas sufren los abusos en escuelas tanto p\u00fablicas como privadas, en las que los agresores son profesores y due\u00f1os de las instituciones particulares. En la capital del Estado de M\u00e9xico increment\u00f3 la incidencia de casos de abuso sexual y violaci\u00f3n en ni\u00f1os (as) desde dos a\u00f1os de edad, en los que en el 90 [&hellip;]<\/p>\n","protected":false},"author":1,"featured_media":34373,"comment_status":"closed","ping_status":"closed","sticky":false,"template":"","format":"standard","meta":{"footnotes":""},"categories":[36],"tags":[],"class_list":["post-34372","post","type-post","status-publish","format-standard","has-post-thumbnail","hentry","category-edomex"],"_links":{"self":[{"href":"https:\/\/elinformante.mx\/index.php?rest_route=\/wp\/v2\/posts\/34372","targetHints":{"allow":["GET"]}}],"collection":[{"href":"https:\/\/elinformante.mx\/index.php?rest_route=\/wp\/v2\/posts"}],"about":[{"href":"https:\/\/elinformante.mx\/index.php?rest_route=\/wp\/v2\/types\/post"}],"author":[{"embeddable":true,"href":"https:\/\/elinformante.mx\/index.php?rest_route=\/wp\/v2\/users\/1"}],"replies":[{"embeddable":true,"href":"https:\/\/elinformante.mx\/index.php?rest_route=%2Fwp%2Fv2%2Fcomments&post=34372"}],"version-history":[{"count":0,"href":"https:\/\/elinformante.mx\/index.php?rest_route=\/wp\/v2\/posts\/34372\/revisions"}],"wp:featuredmedia":[{"embeddable":true,"href":"https:\/\/elinformante.mx\/index.php?rest_route=\/wp\/v2\/media\/34373"}],"wp:attachment":[{"href":"https:\/\/elinformante.mx\/index.php?rest_route=%2Fwp%2Fv2%2Fmedia&parent=34372"}],"wp:term":[{"taxonomy":"category","embeddable":true,"href":"https:\/\/elinformante.mx\/index.php?rest_route=%2Fwp%2Fv2%2Fcategories&post=34372"},{"taxonomy":"post_tag","embeddable":true,"href":"https:\/\/elinformante.mx\/index.php?rest_route=%2Fwp%2Fv2%2Ftags&post=34372"}],"curies":[{"name":"wp","href":"https:\/\/api.w.org\/{rel}","templated":true}]}}