{"id":34376,"date":"2023-08-24T13:18:21","date_gmt":"2023-08-24T13:18:21","guid":{"rendered":"https:\/\/elinformante.mx\/?p=34376"},"modified":"2023-08-24T13:18:22","modified_gmt":"2023-08-24T13:18:22","slug":"visita-alcalde-de-metepec-al-papa-francisco-en-el-vaticano","status":"publish","type":"post","link":"https:\/\/elinformante.mx\/?p=34376","title":{"rendered":"Visita alcalde de Metepec al Papa Francisco en El Vaticano"},"content":{"rendered":"\n<blockquote class=\"wp-block-quote is-layout-flow wp-block-quote-is-layout-flow\">\n<p>Fernando Flores Fern\u00e1ndez dialog\u00f3 con autoridades vaticanas respecto a un espacio de exposici\u00f3n y venta de artesan\u00edas del municipio en la Santa Sede.<\/p>\n<\/blockquote>\n\n\n\n<p>Con un \u00e1rbol de la vida en mano arrib\u00f3 el presidente municipal de Metepec, Fernando Flores Fern\u00e1ndez a El Vaticano, quien fue recibido por Monse\u00f1or Edgar Pe\u00f1a Parra.<br><\/p>\n\n\n\n<p>Por su parte, Monse\u00f1or Pietro Parolin, Secretario de Estado de El Vaticano, reconoci\u00f3 el crecimiento y desarrollo que ha tenido la demarcaci\u00f3n, asimismo, expres\u00f3 su amor por M\u00e9xico.<br><\/p>\n\n\n\n<figure class=\"wp-block-image size-large\"><img fetchpriority=\"high\" decoding=\"async\" width=\"1024\" height=\"503\" src=\"https:\/\/elinformante.mx\/wp-content\/uploads\/2023\/08\/VISITA-2-1024x503.jpg\" alt=\"\" class=\"wp-image-34378\" srcset=\"https:\/\/elinformante.mx\/wp-content\/uploads\/2023\/08\/VISITA-2-1024x503.jpg 1024w, https:\/\/elinformante.mx\/wp-content\/uploads\/2023\/08\/VISITA-2-300x147.jpg 300w, https:\/\/elinformante.mx\/wp-content\/uploads\/2023\/08\/VISITA-2-768x377.jpg 768w, https:\/\/elinformante.mx\/wp-content\/uploads\/2023\/08\/VISITA-2-580x285.jpg 580w, https:\/\/elinformante.mx\/wp-content\/uploads\/2023\/08\/VISITA-2-860x422.jpg 860w, https:\/\/elinformante.mx\/wp-content\/uploads\/2023\/08\/VISITA-2.jpg 1140w\" sizes=\"(max-width: 1024px) 100vw, 1024px\" \/><\/figure>\n\n\n\n<p>Durante su visita el presidente municipal, con miras a futuro, aprovech\u00f3 para dialogar respecto a un espacio de exposici\u00f3n y venta de artesan\u00edas del municipio en la Santa Sede.<br><\/p>\n\n\n\n<p>A su encuentro con el Papa Francisco, Fernando Flores hizo entrega del emblem\u00e1tico \u00e1rbol de la vida, realizado por manos metepequenses.<\/p>\n","protected":false},"excerpt":{"rendered":"<p>Fernando Flores Fern\u00e1ndez dialog\u00f3 con autoridades vaticanas respecto a un espacio de exposici\u00f3n y venta de artesan\u00edas del municipio en la Santa Sede. Con un \u00e1rbol de la vida en mano arrib\u00f3 el presidente municipal de Metepec, Fernando Flores Fern\u00e1ndez a El Vaticano, quien fue recibido por Monse\u00f1or Edgar Pe\u00f1a Parra. Por su parte, Monse\u00f1or [&hellip;]<\/p>\n","protected":false},"author":1,"featured_media":34377,"comment_status":"closed","ping_status":"closed","sticky":false,"template":"","format":"standard","meta":{"footnotes":""},"categories":[30,36],"tags":[],"class_list":["post-34376","post","type-post","status-publish","format-standard","has-post-thumbnail","hentry","category-destacado","category-edomex"],"_links":{"self":[{"href":"https:\/\/elinformante.mx\/index.php?rest_route=\/wp\/v2\/posts\/34376","targetHints":{"allow":["GET"]}}],"collection":[{"href":"https:\/\/elinformante.mx\/index.php?rest_route=\/wp\/v2\/posts"}],"about":[{"href":"https:\/\/elinformante.mx\/index.php?rest_route=\/wp\/v2\/types\/post"}],"author":[{"embeddable":true,"href":"https:\/\/elinformante.mx\/index.php?rest_route=\/wp\/v2\/users\/1"}],"replies":[{"embeddable":true,"href":"https:\/\/elinformante.mx\/index.php?rest_route=%2Fwp%2Fv2%2Fcomments&post=34376"}],"version-history":[{"count":0,"href":"https:\/\/elinformante.mx\/index.php?rest_route=\/wp\/v2\/posts\/34376\/revisions"}],"wp:featuredmedia":[{"embeddable":true,"href":"https:\/\/elinformante.mx\/index.php?rest_route=\/wp\/v2\/media\/34377"}],"wp:attachment":[{"href":"https:\/\/elinformante.mx\/index.php?rest_route=%2Fwp%2Fv2%2Fmedia&parent=34376"}],"wp:term":[{"taxonomy":"category","embeddable":true,"href":"https:\/\/elinformante.mx\/index.php?rest_route=%2Fwp%2Fv2%2Fcategories&post=34376"},{"taxonomy":"post_tag","embeddable":true,"href":"https:\/\/elinformante.mx\/index.php?rest_route=%2Fwp%2Fv2%2Ftags&post=34376"}],"curies":[{"name":"wp","href":"https:\/\/api.w.org\/{rel}","templated":true}]}}