{"id":34392,"date":"2023-08-24T13:28:06","date_gmt":"2023-08-24T13:28:06","guid":{"rendered":"https:\/\/elinformante.mx\/?p=34392"},"modified":"2023-08-24T13:28:07","modified_gmt":"2023-08-24T13:28:07","slug":"es-necesaria-la-educacion-humanista-para-mejorar-la-calidad-de-vida-dga","status":"publish","type":"post","link":"https:\/\/elinformante.mx\/?p=34392","title":{"rendered":"\u201cEs necesaria la educaci\u00f3n humanista para mejorar la calidad de vida\u201d: DGA"},"content":{"rendered":"\n<blockquote class=\"wp-block-quote is-layout-flow wp-block-quote-is-layout-flow\">\n<p>La Gobernadora Electa del Estado de M\u00e9xico expuso que la actual administraci\u00f3n del presidente Andr\u00e9s Manuel L\u00f3pez Obrador es una muestra de potenciar el crecimiento econ\u00f3mico mientras se salvaguarda el bienestar.<\/p>\n<\/blockquote>\n\n\n\n<p>Fortalecer la calidad de la educaci\u00f3n en el Estado de M\u00e9xico con perspectiva humanista y que garantice a sus estudiantes a no solo tener una formaci\u00f3n integral sino ser ciudadanos ejemplares, es como la gobernadora electa, Delfina G\u00f3mez \u00c1lvarez consider\u00f3 las mejoras que necesita ese rubro en la entidad.<br><\/p>\n\n\n\n<p>Durante su participaci\u00f3n en la Reuni\u00f3n Nacional de directores de Educaci\u00f3n Tecnol\u00f3gica Industrial y de Servicios (DGETI), realizado en el Aeropuerto Internacional Felipe \u00c1ngeles (AIFA), la pr\u00f3xima gobernadora asegur\u00f3 que una educaci\u00f3n con perspectiva humanista permite que los alumnos no sean instrumentos para alcanzar una meta, sino que la meta sea alcanzar una mejor calidad de vida para ellos.<br><\/p>\n\n\n\n<p>\u201cDebemos continuar elevando la calidad de la educaci\u00f3n que brindamos, esta perspectiva humanista de la educaci\u00f3n que reconoce a nuestro pueblo como fin y no como medio, resume la esencia de nuestros esfuerzos a lo largo de estos a\u00f1os\u201d, indic\u00f3 G\u00f3mez \u00c1lvarez.<br><\/p>\n\n\n\n<p>La futura mandataria mexiquense tambi\u00e9n resalt\u00f3 que en la actual administraci\u00f3n del presidente Andr\u00e9s Manuel L\u00f3pez Obrador es una muestra de potenciar el crecimiento econ\u00f3mico mientras se salvaguarda el bienestar de la poblaci\u00f3n.<br><\/p>\n\n\n\n<p>\u201cHoy contamos con enfoques educativos que aseguran una formaci\u00f3n integral para nuestros j\u00f3venes, y al igual que para nuestros ni\u00f1os, ya no solo los preparamos para ser buenos estudiantes o trabajadores, sino para ser ciudadanos ejemplares, buenos hijos, amigos y futuros padres y madres responsables\u201d, se\u00f1al\u00f3.<br><\/p>\n\n\n\n<p>La gobernadora electa, quien tomar\u00e1 la administraci\u00f3n en septiembre, asever\u00f3 que la educaci\u00f3n es el camino hacia la construcci\u00f3n de una sociedad justa, solidaria y desarrollada, que brinda las herramientas para enfrentar a una sociedad cambiante y con grandes avances tecnol\u00f3gicos.<\/p>\n","protected":false},"excerpt":{"rendered":"<p>La Gobernadora Electa del Estado de M\u00e9xico expuso que la actual administraci\u00f3n del presidente Andr\u00e9s Manuel L\u00f3pez Obrador es una muestra de potenciar el crecimiento econ\u00f3mico mientras se salvaguarda el bienestar. Fortalecer la calidad de la educaci\u00f3n en el Estado de M\u00e9xico con perspectiva humanista y que garantice a sus estudiantes a no solo tener [&hellip;]<\/p>\n","protected":false},"author":1,"featured_media":34393,"comment_status":"closed","ping_status":"closed","sticky":false,"template":"","format":"standard","meta":{"footnotes":""},"categories":[30,36],"tags":[],"class_list":["post-34392","post","type-post","status-publish","format-standard","has-post-thumbnail","hentry","category-destacado","category-edomex"],"_links":{"self":[{"href":"https:\/\/elinformante.mx\/index.php?rest_route=\/wp\/v2\/posts\/34392","targetHints":{"allow":["GET"]}}],"collection":[{"href":"https:\/\/elinformante.mx\/index.php?rest_route=\/wp\/v2\/posts"}],"about":[{"href":"https:\/\/elinformante.mx\/index.php?rest_route=\/wp\/v2\/types\/post"}],"author":[{"embeddable":true,"href":"https:\/\/elinformante.mx\/index.php?rest_route=\/wp\/v2\/users\/1"}],"replies":[{"embeddable":true,"href":"https:\/\/elinformante.mx\/index.php?rest_route=%2Fwp%2Fv2%2Fcomments&post=34392"}],"version-history":[{"count":0,"href":"https:\/\/elinformante.mx\/index.php?rest_route=\/wp\/v2\/posts\/34392\/revisions"}],"wp:featuredmedia":[{"embeddable":true,"href":"https:\/\/elinformante.mx\/index.php?rest_route=\/wp\/v2\/media\/34393"}],"wp:attachment":[{"href":"https:\/\/elinformante.mx\/index.php?rest_route=%2Fwp%2Fv2%2Fmedia&parent=34392"}],"wp:term":[{"taxonomy":"category","embeddable":true,"href":"https:\/\/elinformante.mx\/index.php?rest_route=%2Fwp%2Fv2%2Fcategories&post=34392"},{"taxonomy":"post_tag","embeddable":true,"href":"https:\/\/elinformante.mx\/index.php?rest_route=%2Fwp%2Fv2%2Ftags&post=34392"}],"curies":[{"name":"wp","href":"https:\/\/api.w.org\/{rel}","templated":true}]}}