{"id":34399,"date":"2023-08-24T13:31:15","date_gmt":"2023-08-24T13:31:15","guid":{"rendered":"https:\/\/elinformante.mx\/?p=34399"},"modified":"2023-08-24T13:31:16","modified_gmt":"2023-08-24T13:31:16","slug":"anuncian-ley-seca-en-tlalpan-por-fiestas-patrias","status":"publish","type":"post","link":"https:\/\/elinformante.mx\/?p=34399","title":{"rendered":"Anuncian Ley Seca en Tlalpan por fiestas patrias"},"content":{"rendered":"\n<blockquote class=\"wp-block-quote is-layout-flow wp-block-quote-is-layout-flow\">\n<p>En la Gaceta Oficial, la alcald\u00eda se\u00f1al\u00f3 que la medida se aplicar\u00e1 en establecimientos mercantiles que tengan operaciones relacionadas con el consumo y venta de bebidas alcoh\u00f3licas.<\/p>\n<\/blockquote>\n\n\n\n<p>La alcald\u00eda Tlalpan dio a conocer que habr\u00e1 Ley Seca durante los d\u00edas 15 y 16 de septiembre de 2023, por lo que se suspender\u00e1 la venta de bebidas alcoh\u00f3licas en los establecimientos de toda la demarcaci\u00f3n.<br><\/p>\n\n\n\n<p>En la Gaceta Oficial, la alcald\u00eda se\u00f1al\u00f3 que la medida se aplicar\u00e1 en establecimientos mercantiles que tengan operaciones relacionadas con el consumo y venta de bebidas alcoh\u00f3licas, como vinater\u00edas, tiendas de abarrotes, supermercados con licencia para venta de vinos y licores, tiendas de autoservicio, tiendas departamentales y cualquier otro establecimiento mercantil similar.<br><\/p>\n\n\n\n<p>Tambi\u00e9n se suspender\u00e1 la venta de alcohol en los establecimientos de impacto vecinal como establecimientos de hospedaje, clubes, as\u00ed como cantinas, pulquer\u00edas, cervecer\u00edas, pe\u00f1as, cabarets, centros nocturnos, discotecas, salones de fiestas, de baile, salas de cine y cualquier otra similar, en que se expendan o consuman este tipo de bebidas.<br><\/p>\n\n\n\n<figure class=\"wp-block-image size-large\"><img fetchpriority=\"high\" decoding=\"async\" width=\"1024\" height=\"503\" src=\"https:\/\/elinformante.mx\/wp-content\/uploads\/2023\/08\/ANUNCIAN-LEY-1024x503.jpg\" alt=\"\" class=\"wp-image-34401\" srcset=\"https:\/\/elinformante.mx\/wp-content\/uploads\/2023\/08\/ANUNCIAN-LEY-1024x503.jpg 1024w, https:\/\/elinformante.mx\/wp-content\/uploads\/2023\/08\/ANUNCIAN-LEY-300x147.jpg 300w, https:\/\/elinformante.mx\/wp-content\/uploads\/2023\/08\/ANUNCIAN-LEY-768x377.jpg 768w, https:\/\/elinformante.mx\/wp-content\/uploads\/2023\/08\/ANUNCIAN-LEY-580x285.jpg 580w, https:\/\/elinformante.mx\/wp-content\/uploads\/2023\/08\/ANUNCIAN-LEY-860x422.jpg 860w, https:\/\/elinformante.mx\/wp-content\/uploads\/2023\/08\/ANUNCIAN-LEY.jpg 1140w\" sizes=\"(max-width: 1024px) 100vw, 1024px\" \/><\/figure>\n\n\n\n<p>A su vez, se orden\u00f3 la prohibici\u00f3n del consumo y venta de bebidas alcoh\u00f3licas en todas sus graduaciones en los establecimientos que se instalen temporalmente con motivo de ferias, festividades populares y tradicionales en la v\u00eda p\u00fablica.<br><\/p>\n\n\n\n<p>Dicha medida estar\u00e1 vigente de las 00:00 horas del 15 de septiembre hasta las 24:00 horas del 16 de septiembre.<br><\/p>\n\n\n\n<p>Adem\u00e1s, la demarcaci\u00f3n anunci\u00f3 que tambi\u00e9n habr\u00e1 Ley Seca los d\u00edas 23 y 24 de septiembre en la colonia Bosques de Tepeximilpa, con motivo de la celebraci\u00f3n religiosa del Se\u00f1or de los Milagros.<\/p>\n","protected":false},"excerpt":{"rendered":"<p>En la Gaceta Oficial, la alcald\u00eda se\u00f1al\u00f3 que la medida se aplicar\u00e1 en establecimientos mercantiles que tengan operaciones relacionadas con el consumo y venta de bebidas alcoh\u00f3licas. La alcald\u00eda Tlalpan dio a conocer que habr\u00e1 Ley Seca durante los d\u00edas 15 y 16 de septiembre de 2023, por lo que se suspender\u00e1 la venta de [&hellip;]<\/p>\n","protected":false},"author":1,"featured_media":34400,"comment_status":"closed","ping_status":"closed","sticky":false,"template":"","format":"standard","meta":{"footnotes":""},"categories":[35],"tags":[],"class_list":["post-34399","post","type-post","status-publish","format-standard","has-post-thumbnail","hentry","category-cdmx"],"_links":{"self":[{"href":"https:\/\/elinformante.mx\/index.php?rest_route=\/wp\/v2\/posts\/34399","targetHints":{"allow":["GET"]}}],"collection":[{"href":"https:\/\/elinformante.mx\/index.php?rest_route=\/wp\/v2\/posts"}],"about":[{"href":"https:\/\/elinformante.mx\/index.php?rest_route=\/wp\/v2\/types\/post"}],"author":[{"embeddable":true,"href":"https:\/\/elinformante.mx\/index.php?rest_route=\/wp\/v2\/users\/1"}],"replies":[{"embeddable":true,"href":"https:\/\/elinformante.mx\/index.php?rest_route=%2Fwp%2Fv2%2Fcomments&post=34399"}],"version-history":[{"count":0,"href":"https:\/\/elinformante.mx\/index.php?rest_route=\/wp\/v2\/posts\/34399\/revisions"}],"wp:featuredmedia":[{"embeddable":true,"href":"https:\/\/elinformante.mx\/index.php?rest_route=\/wp\/v2\/media\/34400"}],"wp:attachment":[{"href":"https:\/\/elinformante.mx\/index.php?rest_route=%2Fwp%2Fv2%2Fmedia&parent=34399"}],"wp:term":[{"taxonomy":"category","embeddable":true,"href":"https:\/\/elinformante.mx\/index.php?rest_route=%2Fwp%2Fv2%2Fcategories&post=34399"},{"taxonomy":"post_tag","embeddable":true,"href":"https:\/\/elinformante.mx\/index.php?rest_route=%2Fwp%2Fv2%2Ftags&post=34399"}],"curies":[{"name":"wp","href":"https:\/\/api.w.org\/{rel}","templated":true}]}}