{"id":34406,"date":"2023-08-24T13:33:35","date_gmt":"2023-08-24T13:33:35","guid":{"rendered":"https:\/\/elinformante.mx\/?p=34406"},"modified":"2023-08-24T13:33:36","modified_gmt":"2023-08-24T13:33:36","slug":"blindan-venustiano-carranza-con-mas-de-dos-mil-agentes","status":"publish","type":"post","link":"https:\/\/elinformante.mx\/?p=34406","title":{"rendered":"Blindan Venustiano Carranza con m\u00e1s de dos mil agentes"},"content":{"rendered":"\n<blockquote class=\"wp-block-quote is-layout-flow wp-block-quote-is-layout-flow\">\n<p>\u201cEn la Ciudad de M\u00e9xico tenemos una constante ca\u00edda en los \u00edndices delictivos, desde el 2019 a la fecha. Esa constante disminuci\u00f3n s\u00f3lo puede mantenerse con una constante acci\u00f3n\u201d, expuso Batres.<\/p>\n<\/blockquote>\n\n\n\n<p>El jefe de Gobierno de la Ciudad de M\u00e9xico, Mart\u00ed Batres, dio banderazo al operativo de seguridad \u201cVenustiano Carranza\u201d en dicha demarcaci\u00f3n, que contar\u00e1 con la participaci\u00f3n de elementos policiacos capitalinos, de la alcald\u00eda y fuerzas federales.<br><\/p>\n\n\n\n<p>El mandatario local inform\u00f3 que este despliegue se conforma de un estado de fuerza de 2 mil 465 elementos y 280 veh\u00edculos \u201cpara proteger, brindar seguridad y percepci\u00f3n positiva a su habitantes y a la poblaci\u00f3n flotante, que se calcula en m\u00e1s de dos millones al d\u00eda\u201d.<br><\/p>\n\n\n\n<p>\u201cEn la Ciudad de M\u00e9xico tenemos una constante ca\u00edda en los \u00edndices delictivos, desde el 2019 a la fecha. Esa constante disminuci\u00f3n s\u00f3lo puede mantenerse con una constante acci\u00f3n\u201d, expuso Batres durante el evento.<br><\/p>\n\n\n\n<p>\u201cSe trata de reforzar las medidas que nos han ayudado a disminuir los \u00edndices delictivos. Hoy venimos, as\u00ed, acompa\u00f1ados con un estado de fuerza importante\u201d, agreg\u00f3.<br><\/p>\n\n\n\n<p>Con el fin de no bajar la guardia y aunado a que ha disminuido notablemente el \u00edndice delictivo en las calles de la Alcald\u00eda Venustiano Carranza, su titular Evelyn Parra \u00c1lvarez, agradeci\u00f3 el d\u00eda de hoy a las autoridades capitalinas y federales el Arranque del Operativo de Seguridad Venustiano Carranza para brindar tranquilidad a sus m\u00e1s de 440 mil habitantes, pero tambi\u00e9n a los m\u00e1s de 2 millones en poblaci\u00f3n flotante que todos los d\u00edas visitan la demarcaci\u00f3n.<br><\/p>\n\n\n\n<p>M\u00e1s de 2,400 elementos y 280 veh\u00edculos del Ej\u00e9rcito Mexicano, Marina, Guardia Nacional, Secretaria de Seguridad Ciudadana, Fiscal\u00eda General de Justicia y de la Polic\u00eda Comando VC se desplegaron por las calles de la demarcaci\u00f3n para prevenir y combatir la delincuencia.<br><\/p>\n\n\n\n<figure class=\"wp-block-image size-large\"><img fetchpriority=\"high\" decoding=\"async\" width=\"1024\" height=\"503\" src=\"https:\/\/elinformante.mx\/wp-content\/uploads\/2023\/08\/BLINDAN-2-1024x503.jpg\" alt=\"\" class=\"wp-image-34408\" srcset=\"https:\/\/elinformante.mx\/wp-content\/uploads\/2023\/08\/BLINDAN-2-1024x503.jpg 1024w, https:\/\/elinformante.mx\/wp-content\/uploads\/2023\/08\/BLINDAN-2-300x147.jpg 300w, https:\/\/elinformante.mx\/wp-content\/uploads\/2023\/08\/BLINDAN-2-768x377.jpg 768w, https:\/\/elinformante.mx\/wp-content\/uploads\/2023\/08\/BLINDAN-2-580x285.jpg 580w, https:\/\/elinformante.mx\/wp-content\/uploads\/2023\/08\/BLINDAN-2-860x422.jpg 860w, https:\/\/elinformante.mx\/wp-content\/uploads\/2023\/08\/BLINDAN-2.jpg 1140w\" sizes=\"(max-width: 1024px) 100vw, 1024px\" \/><\/figure>\n\n\n\n<p>Acompa\u00f1ada de vecinos de la colonia Morelos, la edil y el Jefe de Gobierno de la Ciudad de M\u00e9xico, Mart\u00ed Batres Guadarrama, as\u00ed como los titulares de la SSC, FGJ, as\u00ed como autoridades de la Sedena y Semar, dieron el banderazo de salida a veh\u00edculos de reacci\u00f3n inmediata, patrullas y motopatrullas.<br><\/p>\n\n\n\n<p>A\u00f1adi\u00f3 que se han disminuido la incidencia delictiva en la demarcaci\u00f3n gracias a la coordinaci\u00f3n que tenemos con los gobiernos federal y capitalino, por lo que todos los d\u00edas nos reunimos en el Gabinete de Seguridad para determinar acciones y estrategias para prevenir y combatir a la delincuencia.<br><\/p>\n\n\n\n<p>Por su parte, Mart\u00ed Batres Guadarrama, Jefe de Gobierno de la Ciudad de M\u00e9xico, asever\u00f3 que desde 2019 a la fecha se han disminuido notablemente los \u00edndices delictivos, \u201cpor ejemplo en el \u00faltimo mes reducimos en 5% los delitos de alto impacto y 22% en homicidios y para que sigan disminuyendo debemos seguir haciendo acciones.<br><\/p>\n\n\n\n<p>Al tomar la palabra, la Fiscal Ernestina Godoy Ramos se\u00f1al\u00f3 que los \u00edndices delictivos han bajado notablemente en la Ciudad de M\u00e9xico y puso como ejemplo que en 2018 se registraron 242 delitos al mes y actualmente este n\u00famero es de 135. \u201cNunca como ahora estamos coordinados con las alcald\u00edas, con el gobierno federal, con la SSC y esta coordinaci\u00f3n ha dado resultados importantes\u201d.<br><\/p>\n\n\n\n<p>Omar Garc\u00eda Harfuch, titular de la SSC, agradeci\u00f3 a la Alcaldesa Evelyn Parra por la confianza que ha depositado su gobierno en la polic\u00eda capitalina, \u201cpara nosotros es un gusto trabajar con una Alcaldesa como usted, que siempre est\u00e1 al pendiente de su alcald\u00eda y con la informaci\u00f3n que nos proporciona podemos trabajar mejor\u201d.<br><\/p>\n\n\n\n<p>En el Arranque del Operativo de Seguridad Venustiano Carranza tambi\u00e9n estuvieron presentes el Secretario de Gobierno, Ricardo Ruiz Su\u00e1rez, el Comandante de la 1\u00aa Zona Militar, General Oscar Renteria Shazarino, el Coordinador Estatal de la Guardia Nacional en la Ciudad de M\u00e9xico, Alberto Rom\u00e1n Gonz\u00e1lez Fern\u00e1ndez, y el Coordinador del Plan Marina en la Ciudad de M\u00e9xico, Miguel \u00c1ngel Rosales Maldonado.<\/p>\n","protected":false},"excerpt":{"rendered":"<p>\u201cEn la Ciudad de M\u00e9xico tenemos una constante ca\u00edda en los \u00edndices delictivos, desde el 2019 a la fecha. Esa constante disminuci\u00f3n s\u00f3lo puede mantenerse con una constante acci\u00f3n\u201d, expuso Batres. El jefe de Gobierno de la Ciudad de M\u00e9xico, Mart\u00ed Batres, dio banderazo al operativo de seguridad \u201cVenustiano Carranza\u201d en dicha demarcaci\u00f3n, que contar\u00e1 [&hellip;]<\/p>\n","protected":false},"author":1,"featured_media":34407,"comment_status":"closed","ping_status":"closed","sticky":false,"template":"","format":"standard","meta":{"footnotes":""},"categories":[35,30],"tags":[],"class_list":["post-34406","post","type-post","status-publish","format-standard","has-post-thumbnail","hentry","category-cdmx","category-destacado"],"_links":{"self":[{"href":"https:\/\/elinformante.mx\/index.php?rest_route=\/wp\/v2\/posts\/34406","targetHints":{"allow":["GET"]}}],"collection":[{"href":"https:\/\/elinformante.mx\/index.php?rest_route=\/wp\/v2\/posts"}],"about":[{"href":"https:\/\/elinformante.mx\/index.php?rest_route=\/wp\/v2\/types\/post"}],"author":[{"embeddable":true,"href":"https:\/\/elinformante.mx\/index.php?rest_route=\/wp\/v2\/users\/1"}],"replies":[{"embeddable":true,"href":"https:\/\/elinformante.mx\/index.php?rest_route=%2Fwp%2Fv2%2Fcomments&post=34406"}],"version-history":[{"count":0,"href":"https:\/\/elinformante.mx\/index.php?rest_route=\/wp\/v2\/posts\/34406\/revisions"}],"wp:featuredmedia":[{"embeddable":true,"href":"https:\/\/elinformante.mx\/index.php?rest_route=\/wp\/v2\/media\/34407"}],"wp:attachment":[{"href":"https:\/\/elinformante.mx\/index.php?rest_route=%2Fwp%2Fv2%2Fmedia&parent=34406"}],"wp:term":[{"taxonomy":"category","embeddable":true,"href":"https:\/\/elinformante.mx\/index.php?rest_route=%2Fwp%2Fv2%2Fcategories&post=34406"},{"taxonomy":"post_tag","embeddable":true,"href":"https:\/\/elinformante.mx\/index.php?rest_route=%2Fwp%2Fv2%2Ftags&post=34406"}],"curies":[{"name":"wp","href":"https:\/\/api.w.org\/{rel}","templated":true}]}}