{"id":34410,"date":"2023-08-24T13:36:15","date_gmt":"2023-08-24T13:36:15","guid":{"rendered":"https:\/\/elinformante.mx\/?p=34410"},"modified":"2023-08-24T13:36:15","modified_gmt":"2023-08-24T13:36:15","slug":"por-la-sequia-26-comunidades-en-culiacan-continuan-sin-agua-potable","status":"publish","type":"post","link":"https:\/\/elinformante.mx\/?p=34410","title":{"rendered":"Por la sequ\u00eda, 26 comunidades en Culiac\u00e1n contin\u00faan sin agua potable"},"content":{"rendered":"\n<blockquote class=\"wp-block-quote is-layout-flow wp-block-quote-is-layout-flow\">\n<p>Tepuche, Las Tapias, Sanalona, El Salado y Jes\u00fas Mar\u00eda son algunas de las comunidades que presentan escasez de agua.<\/p>\n<\/blockquote>\n\n\n\n<p>Pese a las lluvias que se han registrado en la entidad, la sequ\u00eda contin\u00faa en varias comunidades de Culiac\u00e1n, as\u00ed lo inform\u00f3 la Junta de Agua Potable y Alcantarillado municipal, misma que dio a conocer que en 9 sindicaturas escasea el suministro de agua potable.<br><\/p>\n\n\n\n<p>Para atender esta necesidad la junta de agua potable lleva el servicio a trav\u00e9s de pipas a las comunidades afectada, al corte del martes 22 de agosto Japac report\u00f3 la atenci\u00f3n en 26 comunidades de las sindicaturas de Tepuche, Jes\u00fas Mar\u00eda, Sanalona, Imala, Las Tapias, El Salado, Tacuichamona, Baila y Villa Adolfo L\u00f3pez Mateos.<br><\/p>\n\n\n\n<p>Siendo el noreste del municipio donde se registra la mayor afectaci\u00f3n por la sequ\u00eda, ya que la sindicatura de Tepuche cuenta con 8 comunidades rurales donde escasea el agua potable, le sigue la sindicatura de El Salado con 4 comunidades, Las Tapias con 3 comunidades, Sanalona con 3 y Jes\u00fas Mar\u00eda tambi\u00e9n con 3 comunidades que no tienen servicio.<br><\/p>\n\n\n\n<p>En total se est\u00e1 atendiendo a 527 familias de las 26 comunidades rurales, estas comunidades cuentan con fuentes de abastecimientos como pozos y abrevaderos que se recargan de forma natural durante la temporada de lluvias.<br><\/p>\n\n\n\n<p>En lo que va de este a\u00f1o menos comunidades han presentado escasez de agua, ya que el a\u00f1o anterior cerr\u00f3 con 42 comunidades atendidas, y en 2021 m\u00e1s de 100 comunidades reportaron escasez de agua.<\/p>\n","protected":false},"excerpt":{"rendered":"<p>Tepuche, Las Tapias, Sanalona, El Salado y Jes\u00fas Mar\u00eda son algunas de las comunidades que presentan escasez de agua. Pese a las lluvias que se han registrado en la entidad, la sequ\u00eda contin\u00faa en varias comunidades de Culiac\u00e1n, as\u00ed lo inform\u00f3 la Junta de Agua Potable y Alcantarillado municipal, misma que dio a conocer que [&hellip;]<\/p>\n","protected":false},"author":1,"featured_media":34411,"comment_status":"closed","ping_status":"closed","sticky":false,"template":"","format":"standard","meta":{"footnotes":""},"categories":[30,34],"tags":[],"class_list":["post-34410","post","type-post","status-publish","format-standard","has-post-thumbnail","hentry","category-destacado","category-nacional"],"_links":{"self":[{"href":"https:\/\/elinformante.mx\/index.php?rest_route=\/wp\/v2\/posts\/34410","targetHints":{"allow":["GET"]}}],"collection":[{"href":"https:\/\/elinformante.mx\/index.php?rest_route=\/wp\/v2\/posts"}],"about":[{"href":"https:\/\/elinformante.mx\/index.php?rest_route=\/wp\/v2\/types\/post"}],"author":[{"embeddable":true,"href":"https:\/\/elinformante.mx\/index.php?rest_route=\/wp\/v2\/users\/1"}],"replies":[{"embeddable":true,"href":"https:\/\/elinformante.mx\/index.php?rest_route=%2Fwp%2Fv2%2Fcomments&post=34410"}],"version-history":[{"count":0,"href":"https:\/\/elinformante.mx\/index.php?rest_route=\/wp\/v2\/posts\/34410\/revisions"}],"wp:featuredmedia":[{"embeddable":true,"href":"https:\/\/elinformante.mx\/index.php?rest_route=\/wp\/v2\/media\/34411"}],"wp:attachment":[{"href":"https:\/\/elinformante.mx\/index.php?rest_route=%2Fwp%2Fv2%2Fmedia&parent=34410"}],"wp:term":[{"taxonomy":"category","embeddable":true,"href":"https:\/\/elinformante.mx\/index.php?rest_route=%2Fwp%2Fv2%2Fcategories&post=34410"},{"taxonomy":"post_tag","embeddable":true,"href":"https:\/\/elinformante.mx\/index.php?rest_route=%2Fwp%2Fv2%2Ftags&post=34410"}],"curies":[{"name":"wp","href":"https:\/\/api.w.org\/{rel}","templated":true}]}}