{"id":34416,"date":"2023-08-24T13:39:06","date_gmt":"2023-08-24T13:39:06","guid":{"rendered":"https:\/\/elinformante.mx\/?p=34416"},"modified":"2023-08-24T13:39:07","modified_gmt":"2023-08-24T13:39:07","slug":"inicia-rehabilitacion-del-eje-poniente-en-la-carretera-amayuca-izucar-de-matamoros","status":"publish","type":"post","link":"https:\/\/elinformante.mx\/?p=34416","title":{"rendered":"Inicia rehabilitaci\u00f3n del Eje Poniente en la carretera Amayuca-Iz\u00facar de Matamoros"},"content":{"rendered":"\n<blockquote class=\"wp-block-quote is-layout-flow wp-block-quote-is-layout-flow\">\n<p>El gobernador Sergio Salom\u00f3n C\u00e9spedes recomend\u00f3 al Cabildo de Iz\u00facar que emita un acuerdo para que la obra no pueda ser perforada durante la pr\u00f3xima d\u00e9cada.<\/p>\n<\/blockquote>\n\n\n\n<p>Con una inversi\u00f3n superior a los 100 millones de pesos, los gobiernos del estado de Puebla y el municipio de Iz\u00facar de Matamoros realizar\u00e1n la reconstrucci\u00f3n y rehabilitaci\u00f3n del Eje Poniente en la carretera Amayuca-Iz\u00facar de Matamoros. El gobernador Sergio Salom\u00f3n C\u00e9spedes Peregrina refiri\u00f3 que las obras empezar\u00e1n tentativamente la pr\u00f3xima semana, una vez que se emita el fallo de la licitaci\u00f3n.<br><\/p>\n\n\n\n<p>Desde la Mixteca poblana, el titular del Poder Ejecutivo poblano encabez\u00f3 la ceremonia inaugural a la serie de trabajos de rehabilitaci\u00f3n carretera que arrancar\u00e1 pr\u00f3ximamente en Iz\u00facar de Matamoros.<br><\/p>\n\n\n\n<p>El mandatario destac\u00f3 que su administraci\u00f3n aportar\u00e1 90 millones de pesos, mientras que el ayuntamiento, que es encabezado por Irene Olea Torres, invertir\u00e1 alrededor de 13 millones de pesos.<br><\/p>\n\n\n\n<p>Al respecto, el gobernador hizo hincapi\u00e9 en que la intervenci\u00f3n de las maquinarias podr\u00e1 afectar el tr\u00e1nsito local, sin embargo, pidi\u00f3 a la poblaci\u00f3n su comprensi\u00f3n, ya que el resultado ser\u00e1 ben\u00e9fico para todos los ciudadanos, tanto del municipio como del exterior, que atraviesan por ese camino.<br><\/p>\n\n\n\n<p>Por otro lado, el titular del Ejecutivo destac\u00f3 la colaboraci\u00f3n que existe con la alcaldesa Olea Torres y precis\u00f3 que ese tipo de acuerdos permite que su administraci\u00f3n invierta m\u00e1s recursos en la regi\u00f3n de la Mixteca, que, aclar\u00f3, es una de las prioridades de su gobierno.<br><\/p>\n\n\n\n<p>En ese tenor, la mun\u00edcipe reconoci\u00f3 que la intervenci\u00f3n de la administraci\u00f3n estatal es de gran importancia para el desarrollo del proyecto, ya que dichas obras son irrealizables con el presupuesto que recibe anualmente la Comuna.<br><\/p>\n\n\n\n<p>De hecho, indic\u00f3 que una obra de esa \u00edndole costar\u00eda al erario local alrededor de 90 por ciento el equivalente al llamado Ramo 33, que se destina a servicios municipales.<br><\/p>\n\n\n\n<p>En otro asunto, C\u00e9spedes Peregrina inform\u00f3 a la poblaci\u00f3n de la Mixteca poblana que, a m\u00e1s tardar el pr\u00f3ximo lunes, la Secretar\u00eda de Bienestar estatal reabrir\u00e1 los llamados Centros Preventivos de Bienestar, los cuales cerraron en meses a pasados a consecuencia de la terminaci\u00f3n del contrato con la empresa Medical Life. En dichos establecimientos, el gobierno estatal acerc\u00f3 servicios de salud a la poblaci\u00f3n m\u00e1s vulnerable.<\/p>\n","protected":false},"excerpt":{"rendered":"<p>El gobernador Sergio Salom\u00f3n C\u00e9spedes recomend\u00f3 al Cabildo de Iz\u00facar que emita un acuerdo para que la obra no pueda ser perforada durante la pr\u00f3xima d\u00e9cada. Con una inversi\u00f3n superior a los 100 millones de pesos, los gobiernos del estado de Puebla y el municipio de Iz\u00facar de Matamoros realizar\u00e1n la reconstrucci\u00f3n y rehabilitaci\u00f3n del [&hellip;]<\/p>\n","protected":false},"author":1,"featured_media":34417,"comment_status":"closed","ping_status":"closed","sticky":false,"template":"","format":"standard","meta":{"footnotes":""},"categories":[30,34],"tags":[],"class_list":["post-34416","post","type-post","status-publish","format-standard","has-post-thumbnail","hentry","category-destacado","category-nacional"],"_links":{"self":[{"href":"https:\/\/elinformante.mx\/index.php?rest_route=\/wp\/v2\/posts\/34416","targetHints":{"allow":["GET"]}}],"collection":[{"href":"https:\/\/elinformante.mx\/index.php?rest_route=\/wp\/v2\/posts"}],"about":[{"href":"https:\/\/elinformante.mx\/index.php?rest_route=\/wp\/v2\/types\/post"}],"author":[{"embeddable":true,"href":"https:\/\/elinformante.mx\/index.php?rest_route=\/wp\/v2\/users\/1"}],"replies":[{"embeddable":true,"href":"https:\/\/elinformante.mx\/index.php?rest_route=%2Fwp%2Fv2%2Fcomments&post=34416"}],"version-history":[{"count":0,"href":"https:\/\/elinformante.mx\/index.php?rest_route=\/wp\/v2\/posts\/34416\/revisions"}],"wp:featuredmedia":[{"embeddable":true,"href":"https:\/\/elinformante.mx\/index.php?rest_route=\/wp\/v2\/media\/34417"}],"wp:attachment":[{"href":"https:\/\/elinformante.mx\/index.php?rest_route=%2Fwp%2Fv2%2Fmedia&parent=34416"}],"wp:term":[{"taxonomy":"category","embeddable":true,"href":"https:\/\/elinformante.mx\/index.php?rest_route=%2Fwp%2Fv2%2Fcategories&post=34416"},{"taxonomy":"post_tag","embeddable":true,"href":"https:\/\/elinformante.mx\/index.php?rest_route=%2Fwp%2Fv2%2Ftags&post=34416"}],"curies":[{"name":"wp","href":"https:\/\/api.w.org\/{rel}","templated":true}]}}