{"id":34419,"date":"2023-08-24T13:40:31","date_gmt":"2023-08-24T13:40:31","guid":{"rendered":"https:\/\/elinformante.mx\/?p=34419"},"modified":"2023-08-24T13:40:32","modified_gmt":"2023-08-24T13:40:32","slug":"inai-volvera-a-sesionar-scjn-da-suspension-para-que-opere-con-cuatro-comisionados","status":"publish","type":"post","link":"https:\/\/elinformante.mx\/?p=34419","title":{"rendered":"INAI volver\u00e1 a sesionar; SCJN da suspensi\u00f3n para que opere con cuatro comisionados"},"content":{"rendered":"\n<blockquote class=\"wp-block-quote is-layout-flow wp-block-quote-is-layout-flow\">\n<p>En julio pasado, ocho ministros del Pleno de la Corte determinaron que el Senado incurri\u00f3 en omisi\u00f3n para nombrar a los tres comisionados faltantes de dicho organismo.<\/p>\n<\/blockquote>\n\n\n\n<p>La Segunda Sala de la Suprema Corte de Justicia de la Naci\u00f3n (SCJN) otorg\u00f3 una suspensi\u00f3n al Instituto Nacional de Transparencia, Acceso a la Informaci\u00f3n y Protecci\u00f3n de Datos Personales (INAI), la cual le permitir\u00e1 operar con cuatro comisionados y resolver m\u00e1s de ocho mil asuntos que tiene pendientes.<br><\/p>\n\n\n\n<p>Con tres votos a favor y el voto en contra de la ministra Yasm\u00edn Esquivel Mossa, la Sala aval\u00f3 el proyecto del ministro Javier Laynez Potisek que declar\u00f3 fundado el recurso de reclamaci\u00f3n interpuesto por el organismo en la controversia constitucional que promovi\u00f3.<br><\/p>\n\n\n\n<p>El ministro ponente propuso conceder la medida cautelar para permitir al organismo operar temporalmente, luego de cinco meses de inactividad por la falta de qu\u00f3rum.<br><\/p>\n\n\n\n<p>El pasado 24 de abril, la suspensi\u00f3n fue negada por la ministra Loretta Ortiz Ahfl, misma que hoy no estuvo presente en la sesi\u00f3n. Ahora los m\u00e1s de ocho mil asuntos ser\u00e1n resueltos por los cuatro comisionados, donde Blanca Lilia Ibarra, comisionada presidenta tendr\u00e1 el voto de calidad.<br><\/p>\n\n\n\n<p>En julio pasado, ocho ministros del Pleno de la Corte determinaron que el Senado de la Rep\u00fablica incurri\u00f3 en omisi\u00f3n para nombrar a los tres comisionados faltantes de dicho organismo. Sin embargo, a\u00fan est\u00e1 pendiente que se presente un nuevo proyecto con el criterio de la mayor\u00eda y se analicen los efectos.<br><\/p>\n\n\n\n<p>En dicha sesi\u00f3n, el Pleno desech\u00f3 el proyecto de la ministra Loretta Ortiz Ahfl, quien propuso declarar infundada la controversia constitucional del INAI. Por esta raz\u00f3n, se orden\u00f3 el retorno a otro ministro.<br><\/p>\n\n\n\n<p>Los \u00fanicos ministros que votaron a favor del proyecto de Loretta Ortiz, fueron Yasm\u00edn Esquivel Mossa y Arturo Zald\u00edvar Lelo de Larrea, pero \u00e9ste \u00faltimo se sum\u00f3 a la propuesta de la ministra Margarita R\u00edos-Farjat, de aplicar una \u201cmedida temporal y extraordinaria\u201d que, permita al INAI sesionar hasta en tanto se integre al menos una persona comisionada m\u00e1s.<br><\/p>\n\n\n\n<p>Durante su exposici\u00f3n, R\u00edos-Farjat hizo un exhorto al Senado para que en un breve t\u00e9rmino contin\u00fae con el procedimiento y designe a los comisionados faltantes.<br><\/p>\n\n\n\n<p>\u201cPor breve t\u00e9rmino me refiero a que se tome este proceso de designaci\u00f3n con un car\u00e1cter de urgencia y prioridad, para que culmine el nombramiento de las tres personas comisionadas que integrar\u00e1n el Pleno del INAI, y permitir as\u00ed su funcionamiento regular y ordinario, conforme al art\u00edculo sexto de la Constituci\u00f3n Pol\u00edtica del pa\u00eds en beneficio del pueblo de M\u00e9xico\u201d, expres\u00f3.<br><\/p>\n\n\n\n<p>El ministro Luis Mar\u00eda Aguilar Morales calific\u00f3 de \u201cfraude a la Constituci\u00f3n\u201d y una violaci\u00f3n a las competencias del INAI \u201cimpedirle ejercer sus facultades constitucionales y lograr garantizar el goce real y efectivo de los derechos a la informaci\u00f3n y a la protecci\u00f3n de datos personales\u201d.<br><\/p>\n\n\n\n<p>Por su parte, el ministro Juan Luis Gonz\u00e1lez Alc\u00e1ntara Carranc\u00e1 indic\u00f3 que existen una serie de elementos que demuestran la omisi\u00f3n del Senado en el nombramiento de los comisionados.<\/p>\n","protected":false},"excerpt":{"rendered":"<p>En julio pasado, ocho ministros del Pleno de la Corte determinaron que el Senado incurri\u00f3 en omisi\u00f3n para nombrar a los tres comisionados faltantes de dicho organismo. La Segunda Sala de la Suprema Corte de Justicia de la Naci\u00f3n (SCJN) otorg\u00f3 una suspensi\u00f3n al Instituto Nacional de Transparencia, Acceso a la Informaci\u00f3n y Protecci\u00f3n de [&hellip;]<\/p>\n","protected":false},"author":1,"featured_media":34420,"comment_status":"closed","ping_status":"closed","sticky":false,"template":"","format":"standard","meta":{"footnotes":""},"categories":[34],"tags":[],"class_list":["post-34419","post","type-post","status-publish","format-standard","has-post-thumbnail","hentry","category-nacional"],"_links":{"self":[{"href":"https:\/\/elinformante.mx\/index.php?rest_route=\/wp\/v2\/posts\/34419","targetHints":{"allow":["GET"]}}],"collection":[{"href":"https:\/\/elinformante.mx\/index.php?rest_route=\/wp\/v2\/posts"}],"about":[{"href":"https:\/\/elinformante.mx\/index.php?rest_route=\/wp\/v2\/types\/post"}],"author":[{"embeddable":true,"href":"https:\/\/elinformante.mx\/index.php?rest_route=\/wp\/v2\/users\/1"}],"replies":[{"embeddable":true,"href":"https:\/\/elinformante.mx\/index.php?rest_route=%2Fwp%2Fv2%2Fcomments&post=34419"}],"version-history":[{"count":0,"href":"https:\/\/elinformante.mx\/index.php?rest_route=\/wp\/v2\/posts\/34419\/revisions"}],"wp:featuredmedia":[{"embeddable":true,"href":"https:\/\/elinformante.mx\/index.php?rest_route=\/wp\/v2\/media\/34420"}],"wp:attachment":[{"href":"https:\/\/elinformante.mx\/index.php?rest_route=%2Fwp%2Fv2%2Fmedia&parent=34419"}],"wp:term":[{"taxonomy":"category","embeddable":true,"href":"https:\/\/elinformante.mx\/index.php?rest_route=%2Fwp%2Fv2%2Fcategories&post=34419"},{"taxonomy":"post_tag","embeddable":true,"href":"https:\/\/elinformante.mx\/index.php?rest_route=%2Fwp%2Fv2%2Ftags&post=34419"}],"curies":[{"name":"wp","href":"https:\/\/api.w.org\/{rel}","templated":true}]}}