{"id":34422,"date":"2023-08-24T13:41:25","date_gmt":"2023-08-24T13:41:25","guid":{"rendered":"https:\/\/elinformante.mx\/?p=34422"},"modified":"2023-08-24T13:41:26","modified_gmt":"2023-08-24T13:41:26","slug":"en-diciembre-tendremos-la-farmacia-con-todos-los-medicamentos-del-mundo-amlo","status":"publish","type":"post","link":"https:\/\/elinformante.mx\/?p=34422","title":{"rendered":"En diciembre tendremos la farmacia con todos los medicamentos del mundo: AMLO"},"content":{"rendered":"\n<blockquote class=\"wp-block-quote is-layout-flow wp-block-quote-is-layout-flow\">\n<p>Se buscar\u00e1 que este banco siempre cuente con medicinas en inventario, para que puedan ser trasladadas por aire o tierra a las cl\u00ednicas que los requieran.<\/p>\n<\/blockquote>\n\n\n\n<p>Tras avisar el pasado 2 de agosto sobre la creaci\u00f3n de \u201cuna especie de farmacia\u201d en la capital del pa\u00eds que tenga \u201ctodas las medicinas del mundo\u201d y as\u00ed abastecer a los estados de la Rep\u00fablica, el presidente Andr\u00e9s Manuel L\u00f3pez Obrador, asegur\u00f3 que en diciembre de este a\u00f1o estar\u00e1 instalado en la Ciudad de M\u00e9xico este almac\u00e9n, desde el que se enviar\u00e1n a centros de salud y hospitales de otras entidades los f\u00e1rmacos que requieran.<br><\/p>\n\n\n\n<p>\u201cVamos a tener ese sistema especial, es una gran farmacia en donde va a haber de todo. Si hay que conseguir medicamentos en la India los vamos a traer para la farmacia, en China, en Francia, en Corea, donde est\u00e9n, vamos a tener todos los medicamentos. Todo esto lo podemos hacer porque ya barrimos, ya no hay corrupci\u00f3n\u201d, indic\u00f3 en su ma\u00f1anera en Palacio Nacional.<br><\/p>\n\n\n\n<p>\u201cYo creo que en diciembre de este a\u00f1o vamos a tener como 23, 24 estados de los 32, ya con el sistema casi completo, ya nos van a informar el martes, creo que tenemos como 16, 18 estados, en donde el abasto de medicamentos est\u00e1 como en 95% y en diciembre vamos a tener una farmacia aqu\u00ed en la Ciudad de M\u00e9xico\u201d, insisti\u00f3 el jefe del Ejecutivo federal.<br><\/p>\n\n\n\n<figure class=\"wp-block-image size-large\"><img fetchpriority=\"high\" decoding=\"async\" width=\"1024\" height=\"503\" src=\"https:\/\/elinformante.mx\/wp-content\/uploads\/2023\/08\/EN-DICIEMBRE-1024x503.jpg\" alt=\"\" class=\"wp-image-34424\" srcset=\"https:\/\/elinformante.mx\/wp-content\/uploads\/2023\/08\/EN-DICIEMBRE-1024x503.jpg 1024w, https:\/\/elinformante.mx\/wp-content\/uploads\/2023\/08\/EN-DICIEMBRE-300x147.jpg 300w, https:\/\/elinformante.mx\/wp-content\/uploads\/2023\/08\/EN-DICIEMBRE-768x377.jpg 768w, https:\/\/elinformante.mx\/wp-content\/uploads\/2023\/08\/EN-DICIEMBRE-580x285.jpg 580w, https:\/\/elinformante.mx\/wp-content\/uploads\/2023\/08\/EN-DICIEMBRE-860x422.jpg 860w, https:\/\/elinformante.mx\/wp-content\/uploads\/2023\/08\/EN-DICIEMBRE.jpg 1140w\" sizes=\"(max-width: 1024px) 100vw, 1024px\" \/><\/figure>\n\n\n\n<p>Coment\u00f3 que este lugar es parte de su proyecto para consolidar el sistema de salud p\u00fablico de M\u00e9xico como \u201cel mejor del mundo\u201d, por lo que aprovech\u00f3 para resaltar que con ese prop\u00f3sito avanza la implementaci\u00f3n del IMSS-Bienestar en los estados, ello con la finalidad de federalizar los servicios de salud para personas sin seguridad social.<br><\/p>\n\n\n\n<p>L\u00f3pez Obrador anot\u00f3 que se buscar\u00e1 que este banco siempre cuente con medicinas en inventario, para que puedan ser trasladadas por aire o tierra a las cl\u00ednicas que los requieran, incluso con \u201cmedicinas m\u00e1s espec\u00edficas y dif\u00edciles de conseguir en el mundo\u201d.<br><\/p>\n\n\n\n<p>Por segundo d\u00eda consecutivo celebr\u00f3 que Zo\u00e9 Robledo Aburto decidiera no dejar el Instituto Mexicano del Seguro Social (IMSS), para buscar la gubernatura de Chiapas, a pesar de liderar las encuestas.<br><\/p>\n\n\n\n<p>\u201c\u00c9l estaba, seg\u00fan me dicen, arriba en las encuestas, pero tambi\u00e9n ten\u00eda esta responsabilidad de garantizar la salud a quienes no tienen seguridad social, estamos hablando de la mitad de la poblaci\u00f3n del pa\u00eds, de 70 millones de personas sin seguridad social\u201d, apunt\u00f3 el tabasque\u00f1o.<\/p>\n","protected":false},"excerpt":{"rendered":"<p>Se buscar\u00e1 que este banco siempre cuente con medicinas en inventario, para que puedan ser trasladadas por aire o tierra a las cl\u00ednicas que los requieran. Tras avisar el pasado 2 de agosto sobre la creaci\u00f3n de \u201cuna especie de farmacia\u201d en la capital del pa\u00eds que tenga \u201ctodas las medicinas del mundo\u201d y as\u00ed [&hellip;]<\/p>\n","protected":false},"author":1,"featured_media":34423,"comment_status":"closed","ping_status":"closed","sticky":false,"template":"","format":"standard","meta":{"footnotes":""},"categories":[34],"tags":[],"class_list":["post-34422","post","type-post","status-publish","format-standard","has-post-thumbnail","hentry","category-nacional"],"_links":{"self":[{"href":"https:\/\/elinformante.mx\/index.php?rest_route=\/wp\/v2\/posts\/34422","targetHints":{"allow":["GET"]}}],"collection":[{"href":"https:\/\/elinformante.mx\/index.php?rest_route=\/wp\/v2\/posts"}],"about":[{"href":"https:\/\/elinformante.mx\/index.php?rest_route=\/wp\/v2\/types\/post"}],"author":[{"embeddable":true,"href":"https:\/\/elinformante.mx\/index.php?rest_route=\/wp\/v2\/users\/1"}],"replies":[{"embeddable":true,"href":"https:\/\/elinformante.mx\/index.php?rest_route=%2Fwp%2Fv2%2Fcomments&post=34422"}],"version-history":[{"count":0,"href":"https:\/\/elinformante.mx\/index.php?rest_route=\/wp\/v2\/posts\/34422\/revisions"}],"wp:featuredmedia":[{"embeddable":true,"href":"https:\/\/elinformante.mx\/index.php?rest_route=\/wp\/v2\/media\/34423"}],"wp:attachment":[{"href":"https:\/\/elinformante.mx\/index.php?rest_route=%2Fwp%2Fv2%2Fmedia&parent=34422"}],"wp:term":[{"taxonomy":"category","embeddable":true,"href":"https:\/\/elinformante.mx\/index.php?rest_route=%2Fwp%2Fv2%2Fcategories&post=34422"},{"taxonomy":"post_tag","embeddable":true,"href":"https:\/\/elinformante.mx\/index.php?rest_route=%2Fwp%2Fv2%2Ftags&post=34422"}],"curies":[{"name":"wp","href":"https:\/\/api.w.org\/{rel}","templated":true}]}}