{"id":34429,"date":"2023-08-24T13:45:00","date_gmt":"2023-08-24T13:45:00","guid":{"rendered":"https:\/\/elinformante.mx\/?p=34429"},"modified":"2023-08-24T13:45:01","modified_gmt":"2023-08-24T13:45:01","slug":"presentan-en-el-congreso-reforma-para-reestructurar-el-gobierno","status":"publish","type":"post","link":"https:\/\/elinformante.mx\/?p=34429","title":{"rendered":"Presentan en el Congreso reforma para reestructurar el gobierno"},"content":{"rendered":"\n<blockquote class=\"wp-block-quote is-layout-flow wp-block-quote-is-layout-flow\">\n<p>Bancadas de Morena, PT, PVEM y diputados sin partido proponen una nueva Ley Org\u00e1nica de la Administraci\u00f3n P\u00fablica; buscan evitar la duplicidad de funciones y generar ahorros; crear\u00edan la Secretar\u00eda del Agua.<\/p>\n<\/blockquote>\n\n\n\n<p>Contar con una administraci\u00f3n p\u00fablica austera, eficaz, transparente y cercana a la gente, acorde a los postulados de la Cuarta Transformaci\u00f3n, son prop\u00f3sitos de la nueva Ley Org\u00e1nica de la Administraci\u00f3n P\u00fablica del Estado de M\u00e9xico propuesta por los grupos legislativos de Morena, del Trabajo, Verde Ecologista y diputados sin partido, a fin de generar ahorros significativos para destinarlos a salud, educaci\u00f3n y seguridad, garantizando los derechos laborales de las y los trabajadores.<br><\/p>\n\n\n\n<p>La iniciativa, signada por los diputados Maurilio Hern\u00e1ndez Gonz\u00e1lez (Morena) y Sergio Garc\u00eda Sosa (PT); la diputada Mar\u00eda Luisa Mendoza Mondrag\u00f3n (PVEM) y el legislador Rigoberto Vargas Cervantes, busca erradicar duplicidades y redundancias en las funciones y competencias de las dependencias sin aumentar el gasto gubernamental.<br><\/p>\n\n\n\n<p>Al exponer la iniciativa que abrogar\u00eda la ley expedida en 1981, la diputada Mar\u00eda Luisa Mendoza, presidenta de la Diputaci\u00f3n Permanente, enfatiz\u00f3 que la nueva ley no pone en riesgo derechos laborales de quienes laboran en el Ejecutivo, por lo que mandos medios y personal operativo no ver\u00e1n afectada su situaci\u00f3n laboral y profesional e incluso tendr\u00e1n mejores atribuciones para desempe\u00f1ar sus funciones.<br><\/p>\n\n\n\n<p>En el caso de la persona titular del Poder Ejecutivo se prev\u00e9n \u00e1reas de apoyo enmarcadas en la austeridad republicana, lejos de dispendios y derroches de recursos, en un trabajo y responsabilidad solidaria con el pueblo y una din\u00e1mica de gobierno cercana a la gente.<br><\/p>\n\n\n\n<p>Como parte del redise\u00f1o institucional, propone la creaci\u00f3n de la Secretar\u00eda del Agua y de la Oficial\u00eda Mayor, a la que se integrar\u00e1n las \u00e1reas encargadas de temas administrativos existentes en la Secretar\u00eda de Finanzas, as\u00ed como la transformaci\u00f3n de la Secretar\u00eda de Justicia y Derechos Humanos en Consejer\u00eda Jur\u00eddica.<br><\/p>\n\n\n\n<p>Prev\u00e9 tambi\u00e9n la transformaci\u00f3n de la Secretar\u00eda de Desarrollo Social en Secretar\u00eda del Bienestar; Medio Ambiente en Medio Ambiente y Desarrollo Sostenible, mientras que Desarrollo Urbano y Obra ahora ser\u00e1 de\u202fDesarrollo Urbano e Infraestructura, conservando las funciones de obra p\u00fablica, a excepci\u00f3n de la infraestructura h\u00eddrica y educativa que llevar\u00e1n a cabo las secretar\u00edas del ramo.<br><\/p>\n\n\n\n<p>Tambi\u00e9n se trasladar\u00e1n la Secretar\u00eda de Educaci\u00f3n el Consejo Mexiquense de Ciencia y Tecnolog\u00eda, as\u00ed como las atribuciones en materia de Cultura F\u00edsica y Deporte, a fin de dar paso, posteriormente, a la creaci\u00f3n del Instituto del Deporte en el Estado; adem\u00e1s de que fortalece las atribuciones de la Secretar\u00eda de las Mujeres.<br><\/p>\n\n\n\n<p>Conforme a la propuesta, remitida a dictamen de la Comisi\u00f3n de Gobernaci\u00f3n y Puntos Constitucionales, la administraci\u00f3n p\u00fablica estatal contar\u00e1 con las siguientes secretar\u00edas: General de Gobierno, Seguridad, Finanzas, Salud, Trabajo, Educaci\u00f3n, Bienestar, Desarrollo Urbano e Infraestructura, Campo, Desarrollo Econ\u00f3mico, Cultura y Turismo, Contralor\u00eda, Medio Ambiente y Desarrollo Sostenible, Agua, de las Mujeres y Movilidad.<\/p>\n","protected":false},"excerpt":{"rendered":"<p>Bancadas de Morena, PT, PVEM y diputados sin partido proponen una nueva Ley Org\u00e1nica de la Administraci\u00f3n P\u00fablica; buscan evitar la duplicidad de funciones y generar ahorros; crear\u00edan la Secretar\u00eda del Agua. Contar con una administraci\u00f3n p\u00fablica austera, eficaz, transparente y cercana a la gente, acorde a los postulados de la Cuarta Transformaci\u00f3n, son prop\u00f3sitos [&hellip;]<\/p>\n","protected":false},"author":1,"featured_media":34430,"comment_status":"closed","ping_status":"closed","sticky":false,"template":"","format":"standard","meta":{"footnotes":""},"categories":[30,31],"tags":[],"class_list":["post-34429","post","type-post","status-publish","format-standard","has-post-thumbnail","hentry","category-destacado","category-portada"],"_links":{"self":[{"href":"https:\/\/elinformante.mx\/index.php?rest_route=\/wp\/v2\/posts\/34429","targetHints":{"allow":["GET"]}}],"collection":[{"href":"https:\/\/elinformante.mx\/index.php?rest_route=\/wp\/v2\/posts"}],"about":[{"href":"https:\/\/elinformante.mx\/index.php?rest_route=\/wp\/v2\/types\/post"}],"author":[{"embeddable":true,"href":"https:\/\/elinformante.mx\/index.php?rest_route=\/wp\/v2\/users\/1"}],"replies":[{"embeddable":true,"href":"https:\/\/elinformante.mx\/index.php?rest_route=%2Fwp%2Fv2%2Fcomments&post=34429"}],"version-history":[{"count":0,"href":"https:\/\/elinformante.mx\/index.php?rest_route=\/wp\/v2\/posts\/34429\/revisions"}],"wp:featuredmedia":[{"embeddable":true,"href":"https:\/\/elinformante.mx\/index.php?rest_route=\/wp\/v2\/media\/34430"}],"wp:attachment":[{"href":"https:\/\/elinformante.mx\/index.php?rest_route=%2Fwp%2Fv2%2Fmedia&parent=34429"}],"wp:term":[{"taxonomy":"category","embeddable":true,"href":"https:\/\/elinformante.mx\/index.php?rest_route=%2Fwp%2Fv2%2Fcategories&post=34429"},{"taxonomy":"post_tag","embeddable":true,"href":"https:\/\/elinformante.mx\/index.php?rest_route=%2Fwp%2Fv2%2Ftags&post=34429"}],"curies":[{"name":"wp","href":"https:\/\/api.w.org\/{rel}","templated":true}]}}