{"id":34432,"date":"2023-08-24T13:45:48","date_gmt":"2023-08-24T13:45:48","guid":{"rendered":"https:\/\/elinformante.mx\/?p=34432"},"modified":"2023-08-24T13:45:50","modified_gmt":"2023-08-24T13:45:50","slug":"reconoce-guardia-nacional-resultados-de-la-fiscalia-de-edomex-en-el-combate-de-la-trata-de-personas-y-la-pornografia-infantil","status":"publish","type":"post","link":"https:\/\/elinformante.mx\/?p=34432","title":{"rendered":"Reconoce Guardia Nacional resultados de la Fiscal\u00eda de Edom\u00e9x en el combate de la trata de personas y la pornograf\u00eda infantil"},"content":{"rendered":"\n<blockquote class=\"wp-block-quote is-layout-flow wp-block-quote-is-layout-flow\">\n<p>La FGJEM participa en el Operativo Salvaci\u00f3n, organizado por la Guardia Nacional, contra la trata de personas.<\/p>\n<\/blockquote>\n\n\n\n<p>La Fiscal\u00eda General de Justicia del Estado de M\u00e9xico, fue reconocida por la Guardia Nacional derivado de los resultados obtenidos y las acciones realizadas de manera conjunta dentro del \u201cOperativo Salvaci\u00f3n\u201d, enfocado a combatir el delito de trata de personas en todo el territorio nacional.<br><\/p>\n\n\n\n<p>Este operativo, que encabeza la instituci\u00f3n de seguridad p\u00fablica del gobierno federal a trav\u00e9s de la Guardia Nacional, tiene por objetivo coordinar acciones y generar acuerdos con las Fiscal\u00edas y Procuradur\u00edas de las 32 entidades federativas, para el seguimiento oportuno a las investigaciones de trata de personas en sus diversas modalidades, as\u00ed como rescatar a v\u00edctimas menores de edad y detener a agresores relacionados a estos delitos.<br><\/p>\n\n\n\n<p>La Fiscal\u00eda mexiquense ha participado activamente en el \u201cOperativo Salvaci\u00f3n\u201d, con ello ha logrado importantes resultados que se reflejan en cateos, detenciones, aseguramientos y rescate de v\u00edctimas, as\u00ed como en sentencias de condena, principalmente trat\u00e1ndose de pornograf\u00eda infantil.<br><\/p>\n\n\n\n<figure class=\"wp-block-image size-large\"><img fetchpriority=\"high\" decoding=\"async\" width=\"1024\" height=\"503\" src=\"https:\/\/elinformante.mx\/wp-content\/uploads\/2023\/08\/RECONOCE-1-1024x503.jpg\" alt=\"\" class=\"wp-image-34434\" srcset=\"https:\/\/elinformante.mx\/wp-content\/uploads\/2023\/08\/RECONOCE-1-1024x503.jpg 1024w, https:\/\/elinformante.mx\/wp-content\/uploads\/2023\/08\/RECONOCE-1-300x147.jpg 300w, https:\/\/elinformante.mx\/wp-content\/uploads\/2023\/08\/RECONOCE-1-768x377.jpg 768w, https:\/\/elinformante.mx\/wp-content\/uploads\/2023\/08\/RECONOCE-1-580x285.jpg 580w, https:\/\/elinformante.mx\/wp-content\/uploads\/2023\/08\/RECONOCE-1-860x422.jpg 860w, https:\/\/elinformante.mx\/wp-content\/uploads\/2023\/08\/RECONOCE-1.jpg 1140w\" sizes=\"(max-width: 1024px) 100vw, 1024px\" \/><\/figure>\n\n\n\n<p>Destaca el operativo realizado el pasado 9 de agosto, en el que la Fiscal\u00eda del Estado de M\u00e9xico, a trav\u00e9s de la Fiscal\u00eda Especializada de Trata de Personas, detuvo a tres individuos investigados por su probable intervenci\u00f3n en este delito en la modalidad de pornograf\u00eda infantil, cada uno en la hip\u00f3tesis de almacenamiento de material de este tipo.<br><\/p>\n\n\n\n<p>Adicionalmente, en el periodo de octubre de 2022 a junio de 2023, esta Fiscal\u00eda obtuvo de la Autoridad Judicial sentencias condenatorias por trata de personas en la modalidad de pornograf\u00eda infantil, una en la hip\u00f3tesis de producci\u00f3n y otra en la hip\u00f3tesis de almacenamiento y distribuci\u00f3n.<br><\/p>\n\n\n\n<p>Por los resultados se\u00f1alados los cuales fueron obtenidos gracias al apoyo y colaboraci\u00f3n de la propia Guardia Nacional, dicha Instituci\u00f3n entreg\u00f3 dos reconocimientos a la Fiscal\u00eda del Estado de M\u00e9xico, uno de estos \u201cpor los resultados obtenidos en el combate al delito de pornograf\u00eda infantil en M\u00e9xico\u201d, y otro \u201cpor las sentencias condenatorias obtenidas en el combate al delito de pornograf\u00eda infantil en M\u00e9xico\u201d.<br><\/p>\n\n\n\n<p>Los trabajos de fortalecimiento de la investigaci\u00f3n ministerial y el castigo de este delito, es un paso firme y decisivo para la detecci\u00f3n de redes criminales y el combate a la trata de personas; es por ello, que la Fiscal\u00eda General Justicia del Estado M\u00e9xico, refrenda su compromiso de investigar con eficacia, imparcialidad y profesionalismo, y bajo los principios de perspectiva de g\u00e9nero y pleno respeto a los derechos humanos.<\/p>\n\n\n\n<figure class=\"wp-block-image size-large\"><img decoding=\"async\" width=\"1024\" height=\"503\" src=\"https:\/\/elinformante.mx\/wp-content\/uploads\/2023\/08\/RECONOCE-3-1024x503.jpg\" alt=\"\" class=\"wp-image-34435\" srcset=\"https:\/\/elinformante.mx\/wp-content\/uploads\/2023\/08\/RECONOCE-3-1024x503.jpg 1024w, https:\/\/elinformante.mx\/wp-content\/uploads\/2023\/08\/RECONOCE-3-300x147.jpg 300w, https:\/\/elinformante.mx\/wp-content\/uploads\/2023\/08\/RECONOCE-3-768x377.jpg 768w, https:\/\/elinformante.mx\/wp-content\/uploads\/2023\/08\/RECONOCE-3-580x285.jpg 580w, https:\/\/elinformante.mx\/wp-content\/uploads\/2023\/08\/RECONOCE-3-860x422.jpg 860w, https:\/\/elinformante.mx\/wp-content\/uploads\/2023\/08\/RECONOCE-3.jpg 1140w\" sizes=\"(max-width: 1024px) 100vw, 1024px\" \/><\/figure>\n","protected":false},"excerpt":{"rendered":"<p>La FGJEM participa en el Operativo Salvaci\u00f3n, organizado por la Guardia Nacional, contra la trata de personas. La Fiscal\u00eda General de Justicia del Estado de M\u00e9xico, fue reconocida por la Guardia Nacional derivado de los resultados obtenidos y las acciones realizadas de manera conjunta dentro del \u201cOperativo Salvaci\u00f3n\u201d, enfocado a combatir el delito de trata [&hellip;]<\/p>\n","protected":false},"author":1,"featured_media":34433,"comment_status":"closed","ping_status":"closed","sticky":false,"template":"","format":"standard","meta":{"footnotes":""},"categories":[30,31],"tags":[],"class_list":["post-34432","post","type-post","status-publish","format-standard","has-post-thumbnail","hentry","category-destacado","category-portada"],"_links":{"self":[{"href":"https:\/\/elinformante.mx\/index.php?rest_route=\/wp\/v2\/posts\/34432","targetHints":{"allow":["GET"]}}],"collection":[{"href":"https:\/\/elinformante.mx\/index.php?rest_route=\/wp\/v2\/posts"}],"about":[{"href":"https:\/\/elinformante.mx\/index.php?rest_route=\/wp\/v2\/types\/post"}],"author":[{"embeddable":true,"href":"https:\/\/elinformante.mx\/index.php?rest_route=\/wp\/v2\/users\/1"}],"replies":[{"embeddable":true,"href":"https:\/\/elinformante.mx\/index.php?rest_route=%2Fwp%2Fv2%2Fcomments&post=34432"}],"version-history":[{"count":0,"href":"https:\/\/elinformante.mx\/index.php?rest_route=\/wp\/v2\/posts\/34432\/revisions"}],"wp:featuredmedia":[{"embeddable":true,"href":"https:\/\/elinformante.mx\/index.php?rest_route=\/wp\/v2\/media\/34433"}],"wp:attachment":[{"href":"https:\/\/elinformante.mx\/index.php?rest_route=%2Fwp%2Fv2%2Fmedia&parent=34432"}],"wp:term":[{"taxonomy":"category","embeddable":true,"href":"https:\/\/elinformante.mx\/index.php?rest_route=%2Fwp%2Fv2%2Fcategories&post=34432"},{"taxonomy":"post_tag","embeddable":true,"href":"https:\/\/elinformante.mx\/index.php?rest_route=%2Fwp%2Fv2%2Ftags&post=34432"}],"curies":[{"name":"wp","href":"https:\/\/api.w.org\/{rel}","templated":true}]}}