{"id":34437,"date":"2023-08-24T13:48:40","date_gmt":"2023-08-24T13:48:40","guid":{"rendered":"https:\/\/elinformante.mx\/?p=34437"},"modified":"2023-08-24T13:48:41","modified_gmt":"2023-08-24T13:48:41","slug":"en-mexico-3-de-cada-10-personas-son-discriminadas-por-religion","status":"publish","type":"post","link":"https:\/\/elinformante.mx\/?p=34437","title":{"rendered":"En M\u00e9xico 3 de cada 10 personas son discriminadas por religi\u00f3n"},"content":{"rendered":"\n<blockquote class=\"wp-block-quote is-layout-flow wp-block-quote-is-layout-flow\">\n<p>El Conapred reiter\u00f3 que el respeto de la libertad religiosa impulsa el desarrollo integral de la sociedad y que en M\u00e9xico se reconoce el derecho humano a la libertad de culto.<\/p>\n<\/blockquote>\n\n\n\n<p>El Consejo Nacional para Prevenir la Discriminaci\u00f3n (Conapred) se\u00f1al\u00f3 que, de acuerdo con la Encuesta Nacional sobre Discriminaci\u00f3n (Enadis) 2022, tres de cada 10 personas pertenecientes a la diversidad religiosa declararon haber sido v\u00edctimas de discriminaci\u00f3n en el \u00faltimo a\u00f1o.<br><\/p>\n\n\n\n<p>El Conapred refiri\u00f3 que en la misma proporci\u00f3n, dijeron que la falta de respeto a sus costumbres y tradiciones es el principal problema que enfrentan.<br><\/p>\n\n\n\n<p>La Enadis 2022 revel\u00f3 tambi\u00e9n que dos de cada cinco personas de 18 a\u00f1os de edad o m\u00e1s percibe que mientras m\u00e1s religiones se permitan en el pa\u00eds, \u201chabr\u00e1 m\u00e1s conflictos sociales\u201d.<br><\/p>\n\n\n\n<p>La encuesta muestra adem\u00e1s que tres de cada ocho personas en el mismo rango de edad consideran que \u201cnada justifica que las personas practiquen tradiciones o costumbres distintas a las que se consideran como mexicanas\u201d.<br><\/p>\n\n\n\n<p>En el conversatorio \u201cSer Diferente es mi Derecho, Diversidad Religiosa en el \u00c1mbito Laboral\u201d se resalt\u00f3 que para gran n\u00famero de personas, la religi\u00f3n es parte fundamental de su vida cotidiana, incluso, en el \u00e1mbito laboral, que ocupa gran parte de su tiempo.<br><\/p>\n\n\n\n<p>El ajo tiene m\u00e1s usos de los que cre\u00edas, mant\u00e9n tu ba\u00f1o reluciente con este m\u00e9todo simple y efectivo. (Aprende aqu\u00ed)Sorprendente truco de ajo para mantener tu inodoro limpio y fresco sin productos qu\u00edmicos costosos. (Descubre m\u00e1s)<br><\/p>\n\n\n\n<p>La titular de la Direcci\u00f3n General de Asuntos Religiosos de la Secretar\u00eda de Gobernaci\u00f3n, Jimena Esquivel Leautaud, sostuvo que los centros de trabajo deben ser espacios de convivencia respetuosos, donde las ideas, pr\u00e1cticas y creencias religiosas puedan ser diversas e incluyentes.<br><\/p>\n\n\n\n<p>\u201cPodemos generar espacios laborales m\u00e1s emp\u00e1ticos, m\u00e1s hospitalarios, m\u00e1s compasivos, donde todos y todas quepamos\u201d, dijo.<br><\/p>\n\n\n\n<p>Las personas representantes de la diversidad religiosa que participaron en este primer conversatorio coincidieron en que son necesarios entornos laborales comprensivos y respetuosos de las diferentes pr\u00e1cticas.<br><\/p>\n\n\n\n<p>El Conapred reiter\u00f3 que el respeto de la libertad religiosa impulsa el desarrollo integral de la sociedad y que en M\u00e9xico se reconoce el derecho humano a la libertad de culto.<br><\/p>\n\n\n\n<p>Se\u00f1al\u00f3 que es esencial que las personas empleadoras promuevan el respeto y la inclusi\u00f3n de todas las creencias religiosas en el entorno laboral porque posibilita ejercer el derecho a la libertad de culto en el pa\u00eds y el fortalecimiento de espacios laborales libres de discriminaci\u00f3n.<\/p>\n","protected":false},"excerpt":{"rendered":"<p>El Conapred reiter\u00f3 que el respeto de la libertad religiosa impulsa el desarrollo integral de la sociedad y que en M\u00e9xico se reconoce el derecho humano a la libertad de culto. El Consejo Nacional para Prevenir la Discriminaci\u00f3n (Conapred) se\u00f1al\u00f3 que, de acuerdo con la Encuesta Nacional sobre Discriminaci\u00f3n (Enadis) 2022, tres de cada 10 [&hellip;]<\/p>\n","protected":false},"author":1,"featured_media":34438,"comment_status":"closed","ping_status":"closed","sticky":false,"template":"","format":"standard","meta":{"footnotes":""},"categories":[30,31],"tags":[],"class_list":["post-34437","post","type-post","status-publish","format-standard","has-post-thumbnail","hentry","category-destacado","category-portada"],"_links":{"self":[{"href":"https:\/\/elinformante.mx\/index.php?rest_route=\/wp\/v2\/posts\/34437","targetHints":{"allow":["GET"]}}],"collection":[{"href":"https:\/\/elinformante.mx\/index.php?rest_route=\/wp\/v2\/posts"}],"about":[{"href":"https:\/\/elinformante.mx\/index.php?rest_route=\/wp\/v2\/types\/post"}],"author":[{"embeddable":true,"href":"https:\/\/elinformante.mx\/index.php?rest_route=\/wp\/v2\/users\/1"}],"replies":[{"embeddable":true,"href":"https:\/\/elinformante.mx\/index.php?rest_route=%2Fwp%2Fv2%2Fcomments&post=34437"}],"version-history":[{"count":0,"href":"https:\/\/elinformante.mx\/index.php?rest_route=\/wp\/v2\/posts\/34437\/revisions"}],"wp:featuredmedia":[{"embeddable":true,"href":"https:\/\/elinformante.mx\/index.php?rest_route=\/wp\/v2\/media\/34438"}],"wp:attachment":[{"href":"https:\/\/elinformante.mx\/index.php?rest_route=%2Fwp%2Fv2%2Fmedia&parent=34437"}],"wp:term":[{"taxonomy":"category","embeddable":true,"href":"https:\/\/elinformante.mx\/index.php?rest_route=%2Fwp%2Fv2%2Fcategories&post=34437"},{"taxonomy":"post_tag","embeddable":true,"href":"https:\/\/elinformante.mx\/index.php?rest_route=%2Fwp%2Fv2%2Ftags&post=34437"}],"curies":[{"name":"wp","href":"https:\/\/api.w.org\/{rel}","templated":true}]}}