{"id":34440,"date":"2023-08-24T13:50:32","date_gmt":"2023-08-24T13:50:32","guid":{"rendered":"https:\/\/elinformante.mx\/?p=34440"},"modified":"2023-08-24T13:50:33","modified_gmt":"2023-08-24T13:50:33","slug":"entrega-ebrard-pruebas-de-desvio-de-recursos-a-favor-de-sheinbaum","status":"publish","type":"post","link":"https:\/\/elinformante.mx\/?p=34440","title":{"rendered":"ENTREGA EBRARD PRUEBAS DE DESV\u00cdO DE RECURSOS A FAVOR DE SHEINBAUM"},"content":{"rendered":"\n<blockquote class=\"wp-block-quote is-layout-flow wp-block-quote-is-layout-flow\">\n<p>Pero tambi\u00e9n dio a conocer que se han presentado \u201cmuchas denuncias ante diferentes instancias\u201d por lo mismo.<\/p>\n<\/blockquote>\n\n\n\n<p>Tras recibir el respaldo de dirigentes sindicales, Marcelo Ebrard, aspirante a coordinar los comit\u00e9s de defensa de la cuarta transformaci\u00f3n, afirm\u00f3 que entreg\u00f3 al presidente del Consejo Nacional de Morena, Alfonso Durazo, las pruebas sobre el desv\u00edo de recursos p\u00fablicos en favor de Claudia Sheinbaum y pidi\u00f3 a la Secretar\u00eda de Bienestar que \u201ccumpla la ley y que respete el proceso\u201d interno.<br><\/p>\n\n\n\n<p>Despu\u00e9s de que Mario Delgado, presidente del partido, dijo que no hab\u00eda pruebas de esas acusaciones, el ex canciller afirm\u00f3 que este mi\u00e9rcoles por la ma\u00f1ana le hizo llegar un comunicado explic\u00e1ndole que se las entregaron al presidente del consejo, \u201cel \u00f3rgano ante el cual se establecieron los acuerdos. Probablemente \u00e9l no est\u00e1 enterado. La recomendaci\u00f3n es que lo vea. Es un problema de comunicaci\u00f3n\u201d.<br><\/p>\n\n\n\n<p>Afirm\u00f3 que presentaron todas la pruebas que ten\u00edan \u201cy lo que se acord\u00f3, por parte del partido, es que tomar\u00eda las medidas y as\u00ed quedamos, pero probablemente (Delgado) no lo sepa\u201d.<br><\/p>\n\n\n\n<p>Ofreci\u00f3 que su equipo dar\u00e1 a la prensa copia de lo que recibi\u00f3 el presidente del consejo, Alfonso Durazo, gobernador de Sonora.<br><\/p>\n\n\n\n<figure class=\"wp-block-image size-large\"><img fetchpriority=\"high\" decoding=\"async\" width=\"1024\" height=\"503\" src=\"https:\/\/elinformante.mx\/wp-content\/uploads\/2023\/08\/Untitled-1-ENTREGA-1024x503.jpg\" alt=\"\" class=\"wp-image-34442\" srcset=\"https:\/\/elinformante.mx\/wp-content\/uploads\/2023\/08\/Untitled-1-ENTREGA-1024x503.jpg 1024w, https:\/\/elinformante.mx\/wp-content\/uploads\/2023\/08\/Untitled-1-ENTREGA-300x147.jpg 300w, https:\/\/elinformante.mx\/wp-content\/uploads\/2023\/08\/Untitled-1-ENTREGA-768x377.jpg 768w, https:\/\/elinformante.mx\/wp-content\/uploads\/2023\/08\/Untitled-1-ENTREGA-580x285.jpg 580w, https:\/\/elinformante.mx\/wp-content\/uploads\/2023\/08\/Untitled-1-ENTREGA-860x422.jpg 860w, https:\/\/elinformante.mx\/wp-content\/uploads\/2023\/08\/Untitled-1-ENTREGA.jpg 1140w\" sizes=\"(max-width: 1024px) 100vw, 1024px\" \/><\/figure>\n\n\n\n<p>Manifest\u00f3 que tambi\u00e9n se han presentado \u201cmuchas denuncias ante diferentes instancias\u201d por lo mismo.<br><\/p>\n\n\n\n<p>En este proceso, se\u00f1al\u00f3, exigimos \u201cque cumplan los acuerdos que firmamos ante el consejo de Morena, con una serie de obligaciones. Si eso se respeta, y la libre decisi\u00f3n de las personas (en la encuesta, que ser\u00e1 del 28 de agosto al 3 de septiembre), no creo que haya ning\u00fan problema. La unidad se basa en esos acuerdos. As\u00ed est\u00e1 establecido, y para eso firmamos todos\u201d.<br><\/p>\n\n\n\n<p>Ebrard respald\u00f3 el llamado de unidad que firmaron legisladores de Morena -excepto el grupo de diputados que lo respalda.<br><\/p>\n\n\n\n<p>\u201cTodos estamos a favor de la unidad. Necesitamos tambi\u00e9n mantener la superioridad \u00e9tica y moral del movimiento, y cumplir lo que ah\u00ed se dice. Primera vez en la historia que la gente va a tomar una decisi\u00f3n en una votaci\u00f3n secreta y libre. Hag\u00e1moslo as\u00ed\u201d, manifest\u00f3.<br><\/p>\n\n\n\n<p>El ex canciller confirm\u00f3 que el domingo cerrar\u00e1 sus recorridos en la Arena Ciudad de M\u00e9xico al mediod\u00eda. Pero \u201cvamos a tener movimiento y acci\u00f3n en muchas ciudades del pa\u00eds\u201d.<\/p>\n\n\n\n<figure class=\"wp-block-image size-large\"><img decoding=\"async\" width=\"1024\" height=\"503\" src=\"https:\/\/elinformante.mx\/wp-content\/uploads\/2023\/08\/Untitled-1-ENTREGA-2-1024x503.jpg\" alt=\"\" class=\"wp-image-34443\" srcset=\"https:\/\/elinformante.mx\/wp-content\/uploads\/2023\/08\/Untitled-1-ENTREGA-2-1024x503.jpg 1024w, https:\/\/elinformante.mx\/wp-content\/uploads\/2023\/08\/Untitled-1-ENTREGA-2-300x147.jpg 300w, https:\/\/elinformante.mx\/wp-content\/uploads\/2023\/08\/Untitled-1-ENTREGA-2-768x377.jpg 768w, https:\/\/elinformante.mx\/wp-content\/uploads\/2023\/08\/Untitled-1-ENTREGA-2-580x285.jpg 580w, https:\/\/elinformante.mx\/wp-content\/uploads\/2023\/08\/Untitled-1-ENTREGA-2-860x422.jpg 860w, https:\/\/elinformante.mx\/wp-content\/uploads\/2023\/08\/Untitled-1-ENTREGA-2.jpg 1140w\" sizes=\"(max-width: 1024px) 100vw, 1024px\" \/><\/figure>\n","protected":false},"excerpt":{"rendered":"<p>Pero tambi\u00e9n dio a conocer que se han presentado \u201cmuchas denuncias ante diferentes instancias\u201d por lo mismo. Tras recibir el respaldo de dirigentes sindicales, Marcelo Ebrard, aspirante a coordinar los comit\u00e9s de defensa de la cuarta transformaci\u00f3n, afirm\u00f3 que entreg\u00f3 al presidente del Consejo Nacional de Morena, Alfonso Durazo, las pruebas sobre el desv\u00edo de [&hellip;]<\/p>\n","protected":false},"author":1,"featured_media":34441,"comment_status":"closed","ping_status":"closed","sticky":false,"template":"","format":"standard","meta":{"footnotes":""},"categories":[30,31],"tags":[],"class_list":["post-34440","post","type-post","status-publish","format-standard","has-post-thumbnail","hentry","category-destacado","category-portada"],"_links":{"self":[{"href":"https:\/\/elinformante.mx\/index.php?rest_route=\/wp\/v2\/posts\/34440","targetHints":{"allow":["GET"]}}],"collection":[{"href":"https:\/\/elinformante.mx\/index.php?rest_route=\/wp\/v2\/posts"}],"about":[{"href":"https:\/\/elinformante.mx\/index.php?rest_route=\/wp\/v2\/types\/post"}],"author":[{"embeddable":true,"href":"https:\/\/elinformante.mx\/index.php?rest_route=\/wp\/v2\/users\/1"}],"replies":[{"embeddable":true,"href":"https:\/\/elinformante.mx\/index.php?rest_route=%2Fwp%2Fv2%2Fcomments&post=34440"}],"version-history":[{"count":0,"href":"https:\/\/elinformante.mx\/index.php?rest_route=\/wp\/v2\/posts\/34440\/revisions"}],"wp:featuredmedia":[{"embeddable":true,"href":"https:\/\/elinformante.mx\/index.php?rest_route=\/wp\/v2\/media\/34441"}],"wp:attachment":[{"href":"https:\/\/elinformante.mx\/index.php?rest_route=%2Fwp%2Fv2%2Fmedia&parent=34440"}],"wp:term":[{"taxonomy":"category","embeddable":true,"href":"https:\/\/elinformante.mx\/index.php?rest_route=%2Fwp%2Fv2%2Fcategories&post=34440"},{"taxonomy":"post_tag","embeddable":true,"href":"https:\/\/elinformante.mx\/index.php?rest_route=%2Fwp%2Fv2%2Ftags&post=34440"}],"curies":[{"name":"wp","href":"https:\/\/api.w.org\/{rel}","templated":true}]}}