{"id":34500,"date":"2023-08-25T13:55:21","date_gmt":"2023-08-25T13:55:21","guid":{"rendered":"https:\/\/elinformante.mx\/?p=34500"},"modified":"2023-08-25T13:55:22","modified_gmt":"2023-08-25T13:55:22","slug":"inaugura-ss-a-traves-de-la-ums-tercer-foro-con-perspectiva-de-genero-en-el-estado-de-mexico","status":"publish","type":"post","link":"https:\/\/elinformante.mx\/?p=34500","title":{"rendered":"Inaugura SS, a trav\u00e9s de la UMS, Tercer Foro con Perspectiva de g\u00e9nero en el Estado de M\u00e9xico"},"content":{"rendered":"\n<blockquote class=\"wp-block-quote is-layout-flow wp-block-quote-is-layout-flow\">\n<p>Rodrigo Mart\u00ednez-Celis Wogau mencion\u00f3 que durante la actual administraci\u00f3n se increment\u00f3 el n\u00famero de elementos de la Polic\u00eda de G\u00e9nero con la finalidad de apoyar en la detecci\u00f3n y prevenci\u00f3n de situaciones de riesgo para las mujeres, as\u00ed como brindar atenci\u00f3n a v\u00edctimas de violencia psicol\u00f3gica o sexual y a sus familiares.<\/p>\n<\/blockquote>\n\n\n\n<p>Con la finalidad de reforzar la prevenci\u00f3n y erradicaci\u00f3n de cualquier tipo de violencia, la Secretar\u00eda de Seguridad (SS) a trav\u00e9s de la Universidad Mexiquense de Seguridad (UMS) inaugur\u00f3 el Tercer Foro de Seguridad con Perspectiva de G\u00e9nero en el Estado de M\u00e9xico, en el que participaron especialistas, activistas y personas servidoras p\u00fablicas especializadas en la materia.<br><\/p>\n\n\n\n<p>En el auditorio de las instalaciones del plantel de formaci\u00f3n de la UMS Nezahualc\u00f3yotl, el Secretario de Seguridad, Rodrigo Mart\u00ednez-Celis Wogau expres\u00f3 que durante la actual administraci\u00f3n se ha reforzado a la polic\u00eda de g\u00e9nero con m\u00e1s elementos; adem\u00e1s de informar que hasta el d\u00eda de hoy se han recibido m\u00e1s de 230 mil denuncias, visitado 51 mil 536 domicilios y atendido a cuatro mil 24 v\u00edctimas, lo que ha resultado en la apertura de dos mil 842 carpetas de investigaci\u00f3n.<br><\/p>\n\n\n\n<p>\u201cSi bien es cierto que nuestro Estado y nuestro pa\u00eds se enfrentan a un reto enorme en materia de g\u00e9nero, tambi\u00e9n es cierto que personas de la sociedad civil, as\u00ed como quienes hoy se encuentran al frente de las instituciones de seguridad hemos tomado el estandarte de la aplicaci\u00f3n de la perspectiva de g\u00e9nero como medio para alcanzar una igualdad sustantiva de derechos, muestra de ello es la consolidaci\u00f3n de este foro que en su tercera emisi\u00f3n presenta a expertas en la materia, quienes a trav\u00e9s de su experiencia e invaluable conocimiento pondr\u00e1n sobre la mesa temas de absoluta relevancia que estoy seguro ser\u00e1n de gran provecho. Esta Secretar\u00eda se est\u00e1 consolidando hoy como una corporaci\u00f3n en la que cada uno de sus miembros, adem\u00e1s de portar el uniforme, portan las gafas violetas en el ejercicio de su labor. Es nuestra responsabilidad como gobierno y como sociedad trabajar como un binomio para garantizar la igualdad de trato y oportunidades entre hombres y mujeres\u201d.<br><\/p>\n\n\n\n<figure class=\"wp-block-image size-large\"><img fetchpriority=\"high\" decoding=\"async\" width=\"1024\" height=\"503\" src=\"https:\/\/elinformante.mx\/wp-content\/uploads\/2023\/08\/INAUGURA-8-1024x503.jpg\" alt=\"\" class=\"wp-image-34502\" srcset=\"https:\/\/elinformante.mx\/wp-content\/uploads\/2023\/08\/INAUGURA-8-1024x503.jpg 1024w, https:\/\/elinformante.mx\/wp-content\/uploads\/2023\/08\/INAUGURA-8-300x147.jpg 300w, https:\/\/elinformante.mx\/wp-content\/uploads\/2023\/08\/INAUGURA-8-768x377.jpg 768w, https:\/\/elinformante.mx\/wp-content\/uploads\/2023\/08\/INAUGURA-8-580x285.jpg 580w, https:\/\/elinformante.mx\/wp-content\/uploads\/2023\/08\/INAUGURA-8-860x422.jpg 860w, https:\/\/elinformante.mx\/wp-content\/uploads\/2023\/08\/INAUGURA-8.jpg 1140w\" sizes=\"(max-width: 1024px) 100vw, 1024px\" \/><\/figure>\n\n\n\n<p>El titular de la dependencia a\u00f1adi\u00f3 que la Polic\u00eda de G\u00e9nero act\u00faa en los 125 municipios mexiquenses y pone \u00e9nfasis en los 11 que cuentan con alerta de g\u00e9nero, as\u00ed mismo destac\u00f3 la construcci\u00f3n de mecanismos necesarios y suficientes para que en menos de cinco a\u00f1os las y los m\u00e1s de 26 mil elementos que forman la SS act\u00faen bajo esta perspectiva.<br><\/p>\n\n\n\n<p>Al realizar la exposici\u00f3n de motivos la Rectora de la UMS, Griselda Camacho T\u00e9llez indic\u00f3 que la instituci\u00f3n educativa a su cargo, capacita y forma a cada uno de las y los elementos de las diferentes dependencias de seguridad con perspectiva de g\u00e9nero, a fin de actualizarlos a la realidad que enfrentan con contenidos permanentes para que la polic\u00eda act\u00fae con apego irrestricto a los derechos humanos; tambi\u00e9n se\u00f1al\u00f3 que durante este a\u00f1o la UMS logr\u00f3 la certificaci\u00f3n como espacio libre de violencia de g\u00e9nero.<br><\/p>\n\n\n\n<p>\u201cEn esta delicada tarea de salvaguardar la integridad de las y los profesionales de la seguridad hemos aprendido que nuestra esencia y ADN es y ser\u00e1 servir con compromiso, responsabilidad, \u00e9tica y valor resaltando nuestras capacidades apropiadas con convicci\u00f3n, no hay otro camino ni otra ruta que garantice que todas las personas tengan todos los derechos y libertades, para vivir en paz; la perspectiva de g\u00e9nero ha llegado para quedarse, no es una moda, no es un momento pasajero, es un esfuerzo constante institucionalmente programado tambi\u00e9n por la voluntad social de crear un espacio que renueve valores a trav\u00e9s de la inclusi\u00f3n la seguridad, justicia y la libertad, se\u00f1oras y se\u00f1ores este es el camino el \u00fanico camino para construir la paz\u201d.<br><\/p>\n\n\n\n<figure class=\"wp-block-image size-large\"><img decoding=\"async\" width=\"1024\" height=\"503\" src=\"https:\/\/elinformante.mx\/wp-content\/uploads\/2023\/08\/INAUGURA-4-3-1024x503.jpg\" alt=\"\" class=\"wp-image-34503\" srcset=\"https:\/\/elinformante.mx\/wp-content\/uploads\/2023\/08\/INAUGURA-4-3-1024x503.jpg 1024w, https:\/\/elinformante.mx\/wp-content\/uploads\/2023\/08\/INAUGURA-4-3-300x147.jpg 300w, https:\/\/elinformante.mx\/wp-content\/uploads\/2023\/08\/INAUGURA-4-3-768x377.jpg 768w, https:\/\/elinformante.mx\/wp-content\/uploads\/2023\/08\/INAUGURA-4-3-580x285.jpg 580w, https:\/\/elinformante.mx\/wp-content\/uploads\/2023\/08\/INAUGURA-4-3-860x422.jpg 860w, https:\/\/elinformante.mx\/wp-content\/uploads\/2023\/08\/INAUGURA-4-3.jpg 1140w\" sizes=\"(max-width: 1024px) 100vw, 1024px\" \/><\/figure>\n\n\n\n<p>Por su parte Myrna Araceli Garc\u00eda Mor\u00f3n, Presidenta de la Comisi\u00f3n de Derechos Humanos del Estado de M\u00e9xico (CODHEM) manifest\u00f3 que es primordial que el personal de seguridad cuente con la capacitaci\u00f3n adecuada en materia de g\u00e9nero y el respeto a los derechos humanos fundamentales que son de suma importancia al momento de realizar su labor de cuidar y proteger a los ciudadanos; agreg\u00f3 que al impulsar pol\u00edticas p\u00fablicas con perspectiva de g\u00e9nero se construye sociedad con diversidad y as\u00ed visibilizar a las mujeres y sus necesidades b\u00e1sicas.<br><\/p>\n\n\n\n<p>\u201cSe ha requerido que todas las autoridades que ejercen el poder p\u00fablico coincidan en la prevenci\u00f3n, atenci\u00f3n, erradicaci\u00f3n y sanci\u00f3n de la violencia de g\u00e9nero, como una gran responsabilidad p\u00fablica y agenda de este milenio; s\u00f3lo cuando las y los polic\u00edas est\u00e1n equipados con esta comprensi\u00f3n pueden abordar los desaf\u00edos con empat\u00eda y con soluciones efectivas en su papel como primeros respondientes, la perspectiva de g\u00e9nero les permitir\u00e1 comprender y abordar situaciones cr\u00edticas como la violencia dom\u00e9stica o el acoso sexual de manera m\u00e1s efectiva, adem\u00e1s afianza la confianza cercan\u00eda y empat\u00eda hacia la construcci\u00f3n de entornos en el que todas las personas se sientan seguras al buscar ayuda contacto y sobre todo acceso a la justicia\u201d.<br><\/p>\n\n\n\n<p>Este foro estuvo conformado por tres paneles, el primero titulado \u201cPercepciones sobre masculinidades e identidad sexual al interior de las instituciones policiales\u201d, el segundo \u201cAn\u00e1lisis y retos de las nuevas violencias de g\u00e9nero\u201d y para finalizar \u201cBuenas pr\u00e1cticas en materia de perspectiva de g\u00e9nero en las instituciones de seguridad p\u00fablica y procuraci\u00f3n de justicia\u201d, los cuales se efectuaron durante este d\u00eda.<\/p>\n\n\n\n<figure class=\"wp-block-image size-large\"><img decoding=\"async\" width=\"1024\" height=\"503\" src=\"https:\/\/elinformante.mx\/wp-content\/uploads\/2023\/08\/INAUGURA-2-2-1024x503.jpg\" alt=\"\" class=\"wp-image-34504\" srcset=\"https:\/\/elinformante.mx\/wp-content\/uploads\/2023\/08\/INAUGURA-2-2-1024x503.jpg 1024w, https:\/\/elinformante.mx\/wp-content\/uploads\/2023\/08\/INAUGURA-2-2-300x147.jpg 300w, https:\/\/elinformante.mx\/wp-content\/uploads\/2023\/08\/INAUGURA-2-2-768x377.jpg 768w, https:\/\/elinformante.mx\/wp-content\/uploads\/2023\/08\/INAUGURA-2-2-580x285.jpg 580w, https:\/\/elinformante.mx\/wp-content\/uploads\/2023\/08\/INAUGURA-2-2-860x422.jpg 860w, https:\/\/elinformante.mx\/wp-content\/uploads\/2023\/08\/INAUGURA-2-2.jpg 1140w\" sizes=\"(max-width: 1024px) 100vw, 1024px\" \/><\/figure>\n","protected":false},"excerpt":{"rendered":"<p>Rodrigo Mart\u00ednez-Celis Wogau mencion\u00f3 que durante la actual administraci\u00f3n se increment\u00f3 el n\u00famero de elementos de la Polic\u00eda de G\u00e9nero con la finalidad de apoyar en la detecci\u00f3n y prevenci\u00f3n de situaciones de riesgo para las mujeres, as\u00ed como brindar atenci\u00f3n a v\u00edctimas de violencia psicol\u00f3gica o sexual y a sus familiares. Con la finalidad [&hellip;]<\/p>\n","protected":false},"author":1,"featured_media":34501,"comment_status":"closed","ping_status":"closed","sticky":false,"template":"","format":"standard","meta":{"footnotes":""},"categories":[30,31],"tags":[],"class_list":["post-34500","post","type-post","status-publish","format-standard","has-post-thumbnail","hentry","category-destacado","category-portada"],"_links":{"self":[{"href":"https:\/\/elinformante.mx\/index.php?rest_route=\/wp\/v2\/posts\/34500","targetHints":{"allow":["GET"]}}],"collection":[{"href":"https:\/\/elinformante.mx\/index.php?rest_route=\/wp\/v2\/posts"}],"about":[{"href":"https:\/\/elinformante.mx\/index.php?rest_route=\/wp\/v2\/types\/post"}],"author":[{"embeddable":true,"href":"https:\/\/elinformante.mx\/index.php?rest_route=\/wp\/v2\/users\/1"}],"replies":[{"embeddable":true,"href":"https:\/\/elinformante.mx\/index.php?rest_route=%2Fwp%2Fv2%2Fcomments&post=34500"}],"version-history":[{"count":0,"href":"https:\/\/elinformante.mx\/index.php?rest_route=\/wp\/v2\/posts\/34500\/revisions"}],"wp:featuredmedia":[{"embeddable":true,"href":"https:\/\/elinformante.mx\/index.php?rest_route=\/wp\/v2\/media\/34501"}],"wp:attachment":[{"href":"https:\/\/elinformante.mx\/index.php?rest_route=%2Fwp%2Fv2%2Fmedia&parent=34500"}],"wp:term":[{"taxonomy":"category","embeddable":true,"href":"https:\/\/elinformante.mx\/index.php?rest_route=%2Fwp%2Fv2%2Fcategories&post=34500"},{"taxonomy":"post_tag","embeddable":true,"href":"https:\/\/elinformante.mx\/index.php?rest_route=%2Fwp%2Fv2%2Ftags&post=34500"}],"curies":[{"name":"wp","href":"https:\/\/api.w.org\/{rel}","templated":true}]}}