{"id":34532,"date":"2023-08-25T14:29:08","date_gmt":"2023-08-25T14:29:08","guid":{"rendered":"https:\/\/elinformante.mx\/?p=34532"},"modified":"2023-08-25T14:29:09","modified_gmt":"2023-08-25T14:29:09","slug":"advierten-de-enfermedades-por-uso-de-agua-de-la-presa-madin","status":"publish","type":"post","link":"https:\/\/elinformante.mx\/?p=34532","title":{"rendered":"Advierten de enfermedades por uso de agua de la Presa Mad\u00edn"},"content":{"rendered":"\n<blockquote class=\"wp-block-quote is-layout-flow wp-block-quote-is-layout-flow\">\n<p>Critica Consejo de Cuenca de Presa Mad\u00edn desinter\u00e9s gubernamental para resolver la situaci\u00f3n.<\/p>\n<\/blockquote>\n\n\n\n<p>La poblaci\u00f3n que recibe agua o consume peces de la presa Mad\u00edn podr\u00eda sufrir estr\u00e9s oxidativo y da\u00f1o material gen\u00e9tico que compromete su salud a largo plazo con enfermedades como Parkinson, Alzheimer y c\u00e1ncer, advirti\u00f3 en el Congreso local el Consejo de Cuenca de Presa Mad\u00edn (CCPM).<br><\/p>\n\n\n\n<p>Durante la presentaci\u00f3n de resultados del impacto a la salud humana por los contaminantes presentes en el agua de presa Mad\u00edn, que abarca los municipios de Xonacatl\u00e1n, Jilotzingo, Naucalpan y Atizap\u00e1n de Zaragoza, se indic\u00f3 que \u00e9stos fueron resultado de un estudio realizado por \u00e1reas de investigaci\u00f3n de la Universidad Aut\u00f3noma del Estado de M\u00e9xico y del Instituto Polit\u00e9cnico Nacional.<br><\/p>\n\n\n\n<p>En la Biblioteca Legislativa \u2018Dr. Jos\u00e9 Mar\u00eda Luis Mora\u2019, el legislador Max Correa reconoci\u00f3 que los resultados del estudio reflejan la crisis socioambiental en el Estado de M\u00e9xico, por lo que indic\u00f3 que es la oportunidad de que, a partir de la sociedad y las asociaciones, se empiece a resolver la crisis y se reconozca a la naturaleza como sujeta de derechos, adem\u00e1s de que cambie el desinter\u00e9s pol\u00edtico con las causas de vida y el derecho a tener un medio ambiente sano.<br><\/p>\n\n\n\n<p>Explic\u00f3 que en el Congreso local se analiza una iniciativa para modificar la estructura de la administraci\u00f3n p\u00fablica estatal, con lo cual, el gobierno de Delfina G\u00f3mez \u00c1lvarez podr\u00e1 asumir nuevos compromisos en materia ambiental, aunque recalc\u00f3 que desde la ciudadan\u00eda se debe convocar a una cumbre de guardianes del agua y de los bosques para no tener batallas aisladas.<br><\/p>\n\n\n\n<p>El estudio fue expuesto por Marcela Galar Mart\u00ednez, quien, en compa\u00f1\u00eda de Eduardo Espinosa Medel, Xiomara Trujillo Guti\u00e9rrez y Miguel Miramontes Lira, integrantes del CCPM, criticaron la permisividad de las autoridades ante el desastre ambiental en la presa Mad\u00edn y resaltaron la necesidad de la concurrencia de los tres niveles de gobierno y de los tres poderes de la uni\u00f3n en defensa del principio in dubio pro-natura.<br><\/p>\n\n\n\n<p>Concluyeron que se necesita un saneamiento del embalse para evitar que lleguen contaminantes, plantas de tratamiento, humedales y biodigestores; una gesti\u00f3n adecuada de los residuos s\u00f3lidos con su separaci\u00f3n, instalaci\u00f3n de rellenos sanitarios y plantas de transferencia, programas de recolecci\u00f3n de residuos electr\u00f3nicos, pilas y medicamentos; y la preservaci\u00f3n de zonas de conservaci\u00f3n ecol\u00f3gica y \u00e1reas verdes para evitar cambios de uso de suelo y detener las construcciones en la zona.<\/p>\n","protected":false},"excerpt":{"rendered":"<p>Critica Consejo de Cuenca de Presa Mad\u00edn desinter\u00e9s gubernamental para resolver la situaci\u00f3n. La poblaci\u00f3n que recibe agua o consume peces de la presa Mad\u00edn podr\u00eda sufrir estr\u00e9s oxidativo y da\u00f1o material gen\u00e9tico que compromete su salud a largo plazo con enfermedades como Parkinson, Alzheimer y c\u00e1ncer, advirti\u00f3 en el Congreso local el Consejo de [&hellip;]<\/p>\n","protected":false},"author":1,"featured_media":34533,"comment_status":"closed","ping_status":"closed","sticky":false,"template":"","format":"standard","meta":{"footnotes":""},"categories":[36],"tags":[],"class_list":["post-34532","post","type-post","status-publish","format-standard","has-post-thumbnail","hentry","category-edomex"],"_links":{"self":[{"href":"https:\/\/elinformante.mx\/index.php?rest_route=\/wp\/v2\/posts\/34532","targetHints":{"allow":["GET"]}}],"collection":[{"href":"https:\/\/elinformante.mx\/index.php?rest_route=\/wp\/v2\/posts"}],"about":[{"href":"https:\/\/elinformante.mx\/index.php?rest_route=\/wp\/v2\/types\/post"}],"author":[{"embeddable":true,"href":"https:\/\/elinformante.mx\/index.php?rest_route=\/wp\/v2\/users\/1"}],"replies":[{"embeddable":true,"href":"https:\/\/elinformante.mx\/index.php?rest_route=%2Fwp%2Fv2%2Fcomments&post=34532"}],"version-history":[{"count":0,"href":"https:\/\/elinformante.mx\/index.php?rest_route=\/wp\/v2\/posts\/34532\/revisions"}],"wp:featuredmedia":[{"embeddable":true,"href":"https:\/\/elinformante.mx\/index.php?rest_route=\/wp\/v2\/media\/34533"}],"wp:attachment":[{"href":"https:\/\/elinformante.mx\/index.php?rest_route=%2Fwp%2Fv2%2Fmedia&parent=34532"}],"wp:term":[{"taxonomy":"category","embeddable":true,"href":"https:\/\/elinformante.mx\/index.php?rest_route=%2Fwp%2Fv2%2Fcategories&post=34532"},{"taxonomy":"post_tag","embeddable":true,"href":"https:\/\/elinformante.mx\/index.php?rest_route=%2Fwp%2Fv2%2Ftags&post=34532"}],"curies":[{"name":"wp","href":"https:\/\/api.w.org\/{rel}","templated":true}]}}