{"id":35327,"date":"2023-09-05T12:43:24","date_gmt":"2023-09-05T12:43:24","guid":{"rendered":"https:\/\/elinformante.mx\/?p=35327"},"modified":"2023-09-05T12:43:25","modified_gmt":"2023-09-05T12:43:25","slug":"gobierno-de-cdmx-inconforme-con-retrasos-en-la-l1","status":"publish","type":"post","link":"https:\/\/elinformante.mx\/?p=35327","title":{"rendered":"Gobierno de CDMX inconforme con retrasos en la L1"},"content":{"rendered":"\n<blockquote class=\"wp-block-quote is-layout-flow wp-block-quote-is-layout-flow\">\n<p>El mandatario agreg\u00f3 que han acordado que las supervisiones al proyecto ser\u00e1n \u201cm\u00e1s constantes\u201d.<\/p>\n<\/blockquote>\n\n\n\n<p>El Gobierno de la Ciudad de M\u00e9xico se encuentra inconforme con la empresa china CRRC, que es la encargada de rehabilitar la L\u00ednea 1 del Metro, y que tiene un retraso en las obras de al menos seis meses.<br><\/p>\n\n\n\n<p>As\u00ed lo inform\u00f3 el jefe de gobierno, Mart\u00ed Batres, quien dijo \u201cque mucho antes de que finalice el a\u00f1o\u201d debe quedar concluida la primera fase de esta l\u00ednea.<br><\/p>\n\n\n\n<p>Batres Guadarrama evit\u00f3 se\u00f1alar si abra o no sanci\u00f3n a la empresa por el retraso en la obra; ya que \u201cellos tienen su explicaci\u00f3n, nosotros no queremos tener un conflicto con la empresa, pero s\u00ed queremos que se cumpla, que se termine la obra\u201d.<br><\/p>\n\n\n\n<p>\u201cEstamos en pl\u00e1ticas con la empresa y estamos trabajando con la empresa, pero evidentemente tenemos una inconformidad que ya le hemos expresado a la empresa por el retraso que hay en los tiempos originalmente programados\u201d, expuso.<br><\/p>\n\n\n\n<p>La Secretar\u00eda de Finanzas tiene en la mira a la empresa china por los atrasos en los trabajos que abarcan de Isabel La Cat\u00f3lica a Pantitl\u00e1n.<br><\/p>\n\n\n\n<p>Agreg\u00f3 que han acordado que las supervisiones al proyecto ser\u00e1n \u201cm\u00e1s constantes, ya no solamente el fin de semana sabatina que ven\u00edamos haciendo, sino vamos a meter otras visitas, a fin de que ya vayamos al proceso de culminaci\u00f3n final de la obra, del conjunto de la L\u00ednea 1\u201d.<br><\/p>\n\n\n\n<p>\u201cTambi\u00e9n queremos que esta obra pueda terminarse, esta parte, por varias razones: para que ya la utilice el p\u00fablico en general, que es lo m\u00e1s importante, que es un servicio m\u00e1s adecuado para las personas que utilizan la L\u00ednea 1; para poder empezar el otro tramo de la L\u00ednea 1; y para poder ver temas de otras L\u00edneas del Metro, entonces es importante este proceso\u201d, destac\u00f3.<br><\/p>\n\n\n\n<figure class=\"wp-block-image size-large\"><img fetchpriority=\"high\" decoding=\"async\" width=\"1024\" height=\"503\" src=\"https:\/\/elinformante.mx\/wp-content\/uploads\/2023\/09\/GOBIERNO-cdmx-2-1024x503.jpg\" alt=\"\" class=\"wp-image-35329\" srcset=\"https:\/\/elinformante.mx\/wp-content\/uploads\/2023\/09\/GOBIERNO-cdmx-2-1024x503.jpg 1024w, https:\/\/elinformante.mx\/wp-content\/uploads\/2023\/09\/GOBIERNO-cdmx-2-300x147.jpg 300w, https:\/\/elinformante.mx\/wp-content\/uploads\/2023\/09\/GOBIERNO-cdmx-2-768x377.jpg 768w, https:\/\/elinformante.mx\/wp-content\/uploads\/2023\/09\/GOBIERNO-cdmx-2-580x285.jpg 580w, https:\/\/elinformante.mx\/wp-content\/uploads\/2023\/09\/GOBIERNO-cdmx-2-860x422.jpg 860w, https:\/\/elinformante.mx\/wp-content\/uploads\/2023\/09\/GOBIERNO-cdmx-2.jpg 1140w\" sizes=\"(max-width: 1024px) 100vw, 1024px\" \/><\/figure>\n\n\n\n<p>Asimismo, en el marco del 54 aniversario del Metro, Batres Guadarrama dijo que se llevar\u00e1n a cabo algunas actividades para celebrar esto, y aclar\u00f3 que \u201clo que puedo decir en este momento es que el Metro es de las redes de movilidad m\u00e1s importante, es un sistema fundamental de transporte en la Ciudad de M\u00e9xico\u201d.<br><\/p>\n\n\n\n<p>A\u00f1adi\u00f3 que se ha mantenido a bajo costo con los gobiernos progresistas de la Ciudad de M\u00e9xico; y al mismo tiempo, se han dado varias obras muy importantes:<br><\/p>\n\n\n\n<p>El nuevo Centro de Control del Metro, que est\u00e1 en el C5, que implic\u00f3 una inversi\u00f3n de aproximadamente 400 millones de pesos.<br><\/p>\n\n\n\n<p>La renovaci\u00f3n de la estaci\u00f3n el\u00e9ctrica del Metro, que implic\u00f3 una inversi\u00f3n de aproximadamente 4 mil 500 millones de pesos.<br><\/p>\n\n\n\n<p>La renovaci\u00f3n de la L\u00ednea 1 del Metro que se est\u00e1 dando, que implica una inversi\u00f3n de 37 mil millones de pesos; y luego, est\u00e1 el tema del reforzamiento y reparaci\u00f3n de la L\u00ednea 12 del Metro, tambi\u00e9n.<br><\/p>\n\n\n\n<p>Agreg\u00f3 que en los momentos m\u00e1s complicados se ha tenido el apoyo de la Guardia Nacional, que brind\u00f3 un auxilio muy importante a la ciudadan\u00eda en momentos cr\u00edticos.<br><\/p>\n\n\n\n<p>\u201cQuiero felicitar a quienes hacen posible la vida cotidiana en el Metro, a los trabajadores y a todo el personal t\u00e9cnico que hace posible que el Metro funcione d\u00eda a d\u00eda.<br><\/p>\n\n\n\n<p>En el Metro se transportan hasta 5 millones de personas en sus momentos m\u00e1s altos, esto quiere decir que el n\u00famero de personas que se transporta en el Metro equivale a la suma de unos siete estados de la Rep\u00fablica, es decir, se transportan m\u00e1s personas en el Metro en un d\u00eda, que las que viven en Campeche, Aguascalientes, Tlaxcala, Colima, entre otros estados\u201d, concluy\u00f3.<\/p>\n","protected":false},"excerpt":{"rendered":"<p>El mandatario agreg\u00f3 que han acordado que las supervisiones al proyecto ser\u00e1n \u201cm\u00e1s constantes\u201d. El Gobierno de la Ciudad de M\u00e9xico se encuentra inconforme con la empresa china CRRC, que es la encargada de rehabilitar la L\u00ednea 1 del Metro, y que tiene un retraso en las obras de al menos seis meses. As\u00ed lo [&hellip;]<\/p>\n","protected":false},"author":1,"featured_media":35328,"comment_status":"closed","ping_status":"closed","sticky":false,"template":"","format":"standard","meta":{"footnotes":""},"categories":[35,30],"tags":[],"class_list":["post-35327","post","type-post","status-publish","format-standard","has-post-thumbnail","hentry","category-cdmx","category-destacado"],"_links":{"self":[{"href":"https:\/\/elinformante.mx\/index.php?rest_route=\/wp\/v2\/posts\/35327","targetHints":{"allow":["GET"]}}],"collection":[{"href":"https:\/\/elinformante.mx\/index.php?rest_route=\/wp\/v2\/posts"}],"about":[{"href":"https:\/\/elinformante.mx\/index.php?rest_route=\/wp\/v2\/types\/post"}],"author":[{"embeddable":true,"href":"https:\/\/elinformante.mx\/index.php?rest_route=\/wp\/v2\/users\/1"}],"replies":[{"embeddable":true,"href":"https:\/\/elinformante.mx\/index.php?rest_route=%2Fwp%2Fv2%2Fcomments&post=35327"}],"version-history":[{"count":0,"href":"https:\/\/elinformante.mx\/index.php?rest_route=\/wp\/v2\/posts\/35327\/revisions"}],"wp:featuredmedia":[{"embeddable":true,"href":"https:\/\/elinformante.mx\/index.php?rest_route=\/wp\/v2\/media\/35328"}],"wp:attachment":[{"href":"https:\/\/elinformante.mx\/index.php?rest_route=%2Fwp%2Fv2%2Fmedia&parent=35327"}],"wp:term":[{"taxonomy":"category","embeddable":true,"href":"https:\/\/elinformante.mx\/index.php?rest_route=%2Fwp%2Fv2%2Fcategories&post=35327"},{"taxonomy":"post_tag","embeddable":true,"href":"https:\/\/elinformante.mx\/index.php?rest_route=%2Fwp%2Fv2%2Ftags&post=35327"}],"curies":[{"name":"wp","href":"https:\/\/api.w.org\/{rel}","templated":true}]}}