{"id":35488,"date":"2023-09-07T11:18:48","date_gmt":"2023-09-07T11:18:48","guid":{"rendered":"https:\/\/elinformante.mx\/?p=35488"},"modified":"2023-09-07T11:18:49","modified_gmt":"2023-09-07T11:18:49","slug":"posponen-los-governors-awards-antesala-de-los-oscar-por-huelga-de-hollywood","status":"publish","type":"post","link":"https:\/\/elinformante.mx\/?p=35488","title":{"rendered":"Posponen los Governors Awards, antesala de los Oscar, por huelga de Hollywood"},"content":{"rendered":"\n<blockquote class=\"wp-block-quote is-layout-flow wp-block-quote-is-layout-flow\">\n<p>La huelga de actores y guionistas de Hollywood ha puesto en jaque algunas de las premiaciones m\u00e1s importantes del mundo del entretenimiento.<\/p>\n<\/blockquote>\n\n\n\n<p>La Academia de Hollywood decidi\u00f3 este mi\u00e9rcoles posponer los premios de los Gobernadores, que otorgan los \u00d3scar honor\u00edficos, en el marco de las huelgas de los sindicatos de actores (SAG-AFTRA) y guionistas (WGA).<br><\/p>\n\n\n\n<p>La ceremonia estaba programada para el 18 de noviembre y ahora tendr\u00e1 lugar el 7 de enero de 2024 en el Fairmont Century Plaza de Los \u00c1ngeles, seg\u00fan anunci\u00f3 la instituci\u00f3n en un comunicado.<br><\/p>\n\n\n\n<p>La 14\u00aa edici\u00f3n de la gala reconocer\u00e1 a Angela Bassett, al actor, guionista y director Mel Brooks y a la editora Carol Littleton, mientras que el premio humanitario Jean Hersholt ser\u00e1 entregado a la directora Michelle Satter, fundadora del programa de largometrajes del festival de cine independiente de Sundance.<br><\/p>\n\n\n\n<p>El premio honor\u00edfico de la Academia es una estatuilla de los \u00d3scar que se concede \u201cpara honrar el logro de una trayectoria, contribuciones excepcionales al estado de las artes y ciencias cinematogr\u00e1ficas o un servicio sobresaliente a la Academia\u201d, seg\u00fan la instituci\u00f3n.<br><\/p>\n\n\n\n<p>Esta no es la primera ceremonia que se ha visto afectada por los paros protagonizados por los escritores y actores de Hollywood, quienes exigen a los estudios, entre otras cosas, mejoras en los pagos de derechos residuales y regulaci\u00f3n de la inteligencia artificial.<br><\/p>\n\n\n\n<p>La Academia de Televisi\u00f3n y la cadena Fox pospusieron al 15 de enero de 2024 la entrega de los Emmy, antes prevista para 18 de septiembre.<br><\/p>\n\n\n\n<p>Los guionistas comenzaron una huelga el pasado mayo y el 14 de julio se sumaron los actores por causas similares.<br><\/p>\n\n\n\n<p>Se trata de la primera simult\u00e1nea en las \u00faltimas seis d\u00e9cadas, que entre sus repercusiones ha provocado la suspensi\u00f3n del desarrollo, rodaje y promoci\u00f3n de producciones y que la \u00e9poca de festivales de cine internacionales se lleve a cabo casi sin la presencia de celebridades.<br><\/p>\n\n\n\n<p>La fecha de la 96\u00aa edici\u00f3n de los \u00d3scar sigue vigente de momento para el 10 de marzo de 2024 en el teatro Dolby de Los Angeles, California.<\/p>\n","protected":false},"excerpt":{"rendered":"<p>La huelga de actores y guionistas de Hollywood ha puesto en jaque algunas de las premiaciones m\u00e1s importantes del mundo del entretenimiento. La Academia de Hollywood decidi\u00f3 este mi\u00e9rcoles posponer los premios de los Gobernadores, que otorgan los \u00d3scar honor\u00edficos, en el marco de las huelgas de los sindicatos de actores (SAG-AFTRA) y guionistas (WGA). [&hellip;]<\/p>\n","protected":false},"author":1,"featured_media":35489,"comment_status":"closed","ping_status":"closed","sticky":false,"template":"","format":"standard","meta":{"footnotes":""},"categories":[39],"tags":[],"class_list":["post-35488","post","type-post","status-publish","format-standard","has-post-thumbnail","hentry","category-espectaculos"],"_links":{"self":[{"href":"https:\/\/elinformante.mx\/index.php?rest_route=\/wp\/v2\/posts\/35488","targetHints":{"allow":["GET"]}}],"collection":[{"href":"https:\/\/elinformante.mx\/index.php?rest_route=\/wp\/v2\/posts"}],"about":[{"href":"https:\/\/elinformante.mx\/index.php?rest_route=\/wp\/v2\/types\/post"}],"author":[{"embeddable":true,"href":"https:\/\/elinformante.mx\/index.php?rest_route=\/wp\/v2\/users\/1"}],"replies":[{"embeddable":true,"href":"https:\/\/elinformante.mx\/index.php?rest_route=%2Fwp%2Fv2%2Fcomments&post=35488"}],"version-history":[{"count":0,"href":"https:\/\/elinformante.mx\/index.php?rest_route=\/wp\/v2\/posts\/35488\/revisions"}],"wp:featuredmedia":[{"embeddable":true,"href":"https:\/\/elinformante.mx\/index.php?rest_route=\/wp\/v2\/media\/35489"}],"wp:attachment":[{"href":"https:\/\/elinformante.mx\/index.php?rest_route=%2Fwp%2Fv2%2Fmedia&parent=35488"}],"wp:term":[{"taxonomy":"category","embeddable":true,"href":"https:\/\/elinformante.mx\/index.php?rest_route=%2Fwp%2Fv2%2Fcategories&post=35488"},{"taxonomy":"post_tag","embeddable":true,"href":"https:\/\/elinformante.mx\/index.php?rest_route=%2Fwp%2Fv2%2Ftags&post=35488"}],"curies":[{"name":"wp","href":"https:\/\/api.w.org\/{rel}","templated":true}]}}