{"id":35504,"date":"2023-09-07T11:33:11","date_gmt":"2023-09-07T11:33:11","guid":{"rendered":"https:\/\/elinformante.mx\/?p=35504"},"modified":"2023-09-07T11:33:12","modified_gmt":"2023-09-07T11:33:12","slug":"hallan-vehiculo-usado-para-delinquir-en-toluca","status":"publish","type":"post","link":"https:\/\/elinformante.mx\/?p=35504","title":{"rendered":"Hallan veh\u00edculo usado para delinquir en Toluca"},"content":{"rendered":"\n<blockquote class=\"wp-block-quote is-layout-flow wp-block-quote-is-layout-flow\">\n<p>Se detuvo a dos hombres que viajaban a bordo, quienes fueron presentados ante la autoridad competente para deslindar responsabilidades.<\/p>\n<\/blockquote>\n\n\n\n<p>En atenci\u00f3n a una consigna operativa, elementos de la Secretar\u00eda de Seguridad (SS) localizaron y aseguraron una camioneta aparentemente utilizada en la comisi\u00f3n del il\u00edcito del robo de autopartes; en la acci\u00f3n, detuvieron a dos hombres que viajaban a bordo.<br><\/p>\n\n\n\n<p>Personal de la SS del Centro de Control, Comando, Comunicaci\u00f3n, C\u00f3mputo y Calidad (C5), mediante el sistema de Arcos Carreteros registr\u00f3 un hit de alerta por el cruce del veh\u00edculo marca Honda CRV, color negro, al parecer vinculado en el delito antes referido, perpetrado el 29 de agosto del a\u00f1o en curso, en la colonia Morelos, en el municipio de Toluca.<br><\/p>\n\n\n\n<p>Con apoyo de las c\u00e1maras de videovigilancia de la infraestructura estatal, operadores del C5 realizaron un cerco virtual y dieron seguimiento en tiempo real a la ruta establecida por la unidad motriz. Enseguida, se observ\u00f3 su paso sobre la avenida Paseo Tollocan, con direcci\u00f3n poniente; de manera inmediata se notific\u00f3 a uniformados estatales en campo para la oportuna intervenci\u00f3n.<br><\/p>\n\n\n\n<p>Al recibir la alerta, polic\u00edas de la SS implementaron un operativo de b\u00fasqueda y momentos m\u00e1s tarde ubicaron un automotor con caracter\u00edsticas similares que transitaba en la avenida Isidro Fabela, en la colonia Doctores, en el municipio de Toluca, donde le dieron alcance.<br><\/p>\n\n\n\n<p>Tras llevar a cabo una inspecci\u00f3n protocolaria, los oficiales observaron que los asientos traseros se encontraban abatidos y sobre ellos permanec\u00eda la tapa trasera de una caja de un autom\u00f3vil Pick Up, de la marca Chevrolet Silverado, dos faros para autom\u00f3vil y una parrilla delantera correspondiente a una camioneta Ford; luego de consultar la informaci\u00f3n de la unidad con el Centro de Monitoreo estatal, confirmaron que era el automotor motivo de la consigna.<br><\/p>\n\n\n\n<p>Por no acreditar la legal posesi\u00f3n de las piezas vehiculares, los oficiales detuvieron a Ulises \u201cN\u201d e Israel \u201cN\u201d de 20 y 27 a\u00f1os de edad, respectivamente, quienes de acuerdo a las indagatorias podr\u00edan pertenecer a una banda delictiva dedicada al hurto de autopartes, en los municipios de Toluca, Metepec y San Mateo Atenco.<br><\/p>\n\n\n\n<p>Despu\u00e9s de hacer saber los derechos que la ley otorga, fueron remitidos junto con lo decomisado ante la Agencia del Ministerio P\u00fablico con sede en Toluca, para determinar su situaci\u00f3n jur\u00eddica.<\/p>\n","protected":false},"excerpt":{"rendered":"<p>Se detuvo a dos hombres que viajaban a bordo, quienes fueron presentados ante la autoridad competente para deslindar responsabilidades. En atenci\u00f3n a una consigna operativa, elementos de la Secretar\u00eda de Seguridad (SS) localizaron y aseguraron una camioneta aparentemente utilizada en la comisi\u00f3n del il\u00edcito del robo de autopartes; en la acci\u00f3n, detuvieron a dos hombres [&hellip;]<\/p>\n","protected":false},"author":1,"featured_media":35505,"comment_status":"closed","ping_status":"closed","sticky":false,"template":"","format":"standard","meta":{"footnotes":""},"categories":[36,37],"tags":[],"class_list":["post-35504","post","type-post","status-publish","format-standard","has-post-thumbnail","hentry","category-edomex","category-justicia"],"_links":{"self":[{"href":"https:\/\/elinformante.mx\/index.php?rest_route=\/wp\/v2\/posts\/35504","targetHints":{"allow":["GET"]}}],"collection":[{"href":"https:\/\/elinformante.mx\/index.php?rest_route=\/wp\/v2\/posts"}],"about":[{"href":"https:\/\/elinformante.mx\/index.php?rest_route=\/wp\/v2\/types\/post"}],"author":[{"embeddable":true,"href":"https:\/\/elinformante.mx\/index.php?rest_route=\/wp\/v2\/users\/1"}],"replies":[{"embeddable":true,"href":"https:\/\/elinformante.mx\/index.php?rest_route=%2Fwp%2Fv2%2Fcomments&post=35504"}],"version-history":[{"count":0,"href":"https:\/\/elinformante.mx\/index.php?rest_route=\/wp\/v2\/posts\/35504\/revisions"}],"wp:featuredmedia":[{"embeddable":true,"href":"https:\/\/elinformante.mx\/index.php?rest_route=\/wp\/v2\/media\/35505"}],"wp:attachment":[{"href":"https:\/\/elinformante.mx\/index.php?rest_route=%2Fwp%2Fv2%2Fmedia&parent=35504"}],"wp:term":[{"taxonomy":"category","embeddable":true,"href":"https:\/\/elinformante.mx\/index.php?rest_route=%2Fwp%2Fv2%2Fcategories&post=35504"},{"taxonomy":"post_tag","embeddable":true,"href":"https:\/\/elinformante.mx\/index.php?rest_route=%2Fwp%2Fv2%2Ftags&post=35504"}],"curies":[{"name":"wp","href":"https:\/\/api.w.org\/{rel}","templated":true}]}}