{"id":35518,"date":"2023-09-07T12:04:57","date_gmt":"2023-09-07T12:04:57","guid":{"rendered":"https:\/\/elinformante.mx\/?p=35518"},"modified":"2023-09-07T12:04:58","modified_gmt":"2023-09-07T12:04:58","slug":"inauguran-aula-en-la-escuela-primaria-jose-vasconcelos-en-el-porvenir-zinacantepec","status":"publish","type":"post","link":"https:\/\/elinformante.mx\/?p=35518","title":{"rendered":"Inauguran aula en la escuela primaria Jos\u00e9 Vasconcelos en el Porvenir, Zinacantepec"},"content":{"rendered":"\n<blockquote class=\"wp-block-quote is-layout-flow wp-block-quote-is-layout-flow\">\n<p>Las palabras que ayer fueron compromisos, hoy son una realidad cumplida: Manuel Vilchis<\/p>\n<\/blockquote>\n\n\n\n<p>Dejando una vez m\u00e1s de manifiesto su compromiso con el \u00e1mbito educativo, el presidente municipal de Zinacantepec, Manuel Vilchis Viveros, inaugur\u00f3 un aula educativa en la escuela primaria Jos\u00e9 Vasconcelos, ubicada en el Fraccionamiento el Porvenir, donde hizo entrega a las autoridades educativas.<br><\/p>\n\n\n\n<p>Ante la comunidad escolar el alcalde inform\u00f3 que en lo que va de su administraci\u00f3n, se han ejecutado m\u00e1s de 50 acciones en favor de la educaci\u00f3n, entre las que destacan la construcci\u00f3n de 12 salones, seis arco techos, siete m\u00f3dulos sanitarios en diferentes planteles educativos del municipio, adem\u00e1s de la apertura de una escuela secundaria y un Centro de Atenci\u00f3n M\u00faltiple (CAM), a la par se estableci\u00f3 la primera red de \u201cPadres de Familia con Valores\u201d.<br><\/p>\n\n\n\n<figure class=\"wp-block-image size-large\"><img fetchpriority=\"high\" decoding=\"async\" width=\"1024\" height=\"503\" src=\"https:\/\/elinformante.mx\/wp-content\/uploads\/2023\/09\/INAUGURAN-1024x503.jpg\" alt=\"\" class=\"wp-image-35520\" srcset=\"https:\/\/elinformante.mx\/wp-content\/uploads\/2023\/09\/INAUGURAN-1024x503.jpg 1024w, https:\/\/elinformante.mx\/wp-content\/uploads\/2023\/09\/INAUGURAN-300x147.jpg 300w, https:\/\/elinformante.mx\/wp-content\/uploads\/2023\/09\/INAUGURAN-768x377.jpg 768w, https:\/\/elinformante.mx\/wp-content\/uploads\/2023\/09\/INAUGURAN-580x285.jpg 580w, https:\/\/elinformante.mx\/wp-content\/uploads\/2023\/09\/INAUGURAN-860x422.jpg 860w, https:\/\/elinformante.mx\/wp-content\/uploads\/2023\/09\/INAUGURAN.jpg 1140w\" sizes=\"(max-width: 1024px) 100vw, 1024px\" \/><\/figure>\n\n\n\n<p>Ernesto Arag\u00f3n Arenas, director escolar, agradeci\u00f3 el apoyo que las autoridades municipales han brindado a las ni\u00f1as y ni\u00f1os que cursan la educaci\u00f3n b\u00e1sica, \u201d\u2026con estas acciones, nosotros las autoridades educativas, los estudiantes y padres de familia, nos sentimos motivados a continuar con la labor de formar mejores generaciones, y nos compromete a seguir trabajando para mejorar las condiciones de las instalaciones\u201d.<br><\/p>\n\n\n\n<p>Vilchis Viveros, reconoci\u00f3 que las palabras que ayer fueron compromisos, hoy son una realidad cumplida, en los diferentes espacios educativos de Zinacantepec, hay testigos de estas acciones; las nuevas generaciones que estamos formando, permitir\u00e1n tener una sociedad m\u00e1s justa.<br>Durante el evento de inauguraci\u00f3n, el alcalde estuvo acompa\u00f1ado por los regidores y la s\u00edndico.<\/p>\n","protected":false},"excerpt":{"rendered":"<p>Las palabras que ayer fueron compromisos, hoy son una realidad cumplida: Manuel Vilchis Dejando una vez m\u00e1s de manifiesto su compromiso con el \u00e1mbito educativo, el presidente municipal de Zinacantepec, Manuel Vilchis Viveros, inaugur\u00f3 un aula educativa en la escuela primaria Jos\u00e9 Vasconcelos, ubicada en el Fraccionamiento el Porvenir, donde hizo entrega a las autoridades [&hellip;]<\/p>\n","protected":false},"author":1,"featured_media":35519,"comment_status":"closed","ping_status":"closed","sticky":false,"template":"","format":"standard","meta":{"footnotes":""},"categories":[36],"tags":[],"class_list":["post-35518","post","type-post","status-publish","format-standard","has-post-thumbnail","hentry","category-edomex"],"_links":{"self":[{"href":"https:\/\/elinformante.mx\/index.php?rest_route=\/wp\/v2\/posts\/35518","targetHints":{"allow":["GET"]}}],"collection":[{"href":"https:\/\/elinformante.mx\/index.php?rest_route=\/wp\/v2\/posts"}],"about":[{"href":"https:\/\/elinformante.mx\/index.php?rest_route=\/wp\/v2\/types\/post"}],"author":[{"embeddable":true,"href":"https:\/\/elinformante.mx\/index.php?rest_route=\/wp\/v2\/users\/1"}],"replies":[{"embeddable":true,"href":"https:\/\/elinformante.mx\/index.php?rest_route=%2Fwp%2Fv2%2Fcomments&post=35518"}],"version-history":[{"count":0,"href":"https:\/\/elinformante.mx\/index.php?rest_route=\/wp\/v2\/posts\/35518\/revisions"}],"wp:featuredmedia":[{"embeddable":true,"href":"https:\/\/elinformante.mx\/index.php?rest_route=\/wp\/v2\/media\/35519"}],"wp:attachment":[{"href":"https:\/\/elinformante.mx\/index.php?rest_route=%2Fwp%2Fv2%2Fmedia&parent=35518"}],"wp:term":[{"taxonomy":"category","embeddable":true,"href":"https:\/\/elinformante.mx\/index.php?rest_route=%2Fwp%2Fv2%2Fcategories&post=35518"},{"taxonomy":"post_tag","embeddable":true,"href":"https:\/\/elinformante.mx\/index.php?rest_route=%2Fwp%2Fv2%2Ftags&post=35518"}],"curies":[{"name":"wp","href":"https:\/\/api.w.org\/{rel}","templated":true}]}}