{"id":35525,"date":"2023-09-07T12:08:38","date_gmt":"2023-09-07T12:08:38","guid":{"rendered":"https:\/\/elinformante.mx\/?p=35525"},"modified":"2023-09-07T12:08:39","modified_gmt":"2023-09-07T12:08:39","slug":"alista-ieem-elecciones-federal-y-estatal-del-2024","status":"publish","type":"post","link":"https:\/\/elinformante.mx\/?p=35525","title":{"rendered":"Alista IEEM elecciones federal y estatal del 2024"},"content":{"rendered":"\n<blockquote class=\"wp-block-quote is-layout-flow wp-block-quote-is-layout-flow\">\n<p>El Consejo General del IEEM aprob\u00f3 este mi\u00e9rcoles el Convenio General de Coordinaci\u00f3n y Colaboraci\u00f3n entre el INE y el IEEM, con el fin de establecer las bases de coordinaci\u00f3n para hacer efectiva la realizaci\u00f3n del Proceso Electoral Concurrente 2023-2024 en el Estado de M\u00e9xico.<\/p>\n<\/blockquote>\n\n\n\n<p>Las autoridades electorales se alistan para los procesos electorales federal y local; el proceso electoral federal iniciar\u00e1 este jueves 7 de septiembre, mientras el estatal comenzar\u00e1 en enero del 2024.<br><\/p>\n\n\n\n<p>La consejera presidenta del Instituto Electoral del Estado de M\u00e9xico (IEEM), Amalia Pulido, destac\u00f3 que uno de cada 15 cargos locales que se elegir\u00e1n el siguiente a\u00f1o emanar\u00e1 de alguna urna mexiquense.<br><\/p>\n\n\n\n<p>El Consejo General del IEEM aprob\u00f3 este mi\u00e9rcoles el Convenio General de Coordinaci\u00f3n y Colaboraci\u00f3n entre el INE y el IEEM, con el fin de establecer las bases de coordinaci\u00f3n para hacer efectiva la realizaci\u00f3n del Proceso Electoral Concurrente 2023-2024 en el Estado de M\u00e9xico.<br><\/p>\n\n\n\n<p>El modelo de cooperaci\u00f3n entre el Instituto Nacional Electoral (INE) y los \u00f3rganos estatales ha sido probado en 334 ocasiones y ha dado la posibilidad de votar en casillas \u00fanicas, sin la redundancia del pasado y se logr\u00f3 eliminar la duplicidad de funciones, donde cada autoridad organizaba su elecci\u00f3n.<br><\/p>\n\n\n\n<p>Tras la aprobaci\u00f3n del convenio ahora se suscribir\u00e1 con el INE el pr\u00f3ximo 7 de septiembre, con el prop\u00f3sito de maximizar las capacidades institucionales de ambos organismos.<br><\/p>\n\n\n\n<p>Esto permitir\u00eda hacer efectiva la realizaci\u00f3n del proceso electoral concurrente 2023 &#8211; 2024, establecer las reglas y procedimientos, dar cumplimiento a las atribuciones constitucionales y legales de ambos organismos y formalizar los compromisos espec\u00edficos t\u00e9cnicos y financieros que corresponden a cada uno de los organismos electorales.<br><\/p>\n\n\n\n<p>Desde septiembre se acuerdan los canales de cooperaci\u00f3n, pues el Estado de M\u00e9xico tiene el padr\u00f3n electoral m\u00e1s grande del pa\u00eds y la legislaci\u00f3n prev\u00e9 como fecha para el inicio del proceso electoral local la primera semana de enero.<br><\/p>\n\n\n\n<p>Uno de cada 15 cargos locales que se elegir\u00e1n el siguiente a\u00f1o emanar\u00e1 de alguna urna mexiquense, por lo cual es importante que el proyecto de convenio considere actividades previas, durante y posteriores al proceso electoral.<br><\/p>\n\n\n\n<p>La coordinaci\u00f3n entre ambas autoridades, explic\u00f3, tendr\u00e1 como principal prop\u00f3sito concertar la actuaci\u00f3n entre ambas autoridades, elevar la calidad y eficacia en la organizaci\u00f3n de los procesos y optimizar los recursos humanos y materiales a su disposici\u00f3n, bajo un estricto apego al marco normativo.<br><\/p>\n\n\n\n<p>El convenio es resultado de meses de trabajo conjunto y busca colaborar, respetar y reconocer las atribuciones mutuas para que todas las actividades conduzcan a una jornada limpia, que ofrezca a la ciudadan\u00eda m\u00e1xima transparencia, pero tambi\u00e9n certeza y seguridad de que pondr\u00e1n todo su empe\u00f1o.<br><\/p>\n\n\n\n<p>Algunos rubros que se determinan como materia de coordinaci\u00f3n entre las autoridades federales y locales son: la integraci\u00f3n de consejos municipales y distritales, campa\u00f1as de actualizaci\u00f3n y credencializaci\u00f3n, listas nominales e insumos registrales, capacitaci\u00f3n y asistencia electoral, casillas electorales, documentaci\u00f3n y material electoral.<br><\/p>\n\n\n\n<p>Tambi\u00e9n integraci\u00f3n de mesas directivas de casilla, observadores electorales, candidaturas independientes, candidaturas comunes, coaliciones y alianzas del \u00e1mbito local, registro de candidaturas locales, representantes generales y de casilla, encuestas y sondeos de opini\u00f3n, organizaci\u00f3n de debates, desarrollo de la jornada electoral.<br><\/p>\n\n\n\n<p>Asimismo, promoci\u00f3n de la participaci\u00f3n ciudadana, mecanismos de recolecci\u00f3n de paquetes electorales, conteos r\u00e1pidos, Programa de Resultados Electorales Preliminares, c\u00f3mputo de las elecciones locales, sistemas inform\u00e1ticos, acceso a radio televisi\u00f3n, fiscalizaci\u00f3n de recursos de partidos, aspirantes precandidaturas y candidaturas, voto de mexicanas y mexicanos en el extranjero, visitantes extranjeros, medidas cautelares en radio televisi\u00f3n.<br><\/p>\n\n\n\n<p>El convenio tambi\u00e9n autoriz\u00f3 a la consejera presidenta y al secretario ejecutivo a suscribir de manera conjunta con el INE el documento.<\/p>\n","protected":false},"excerpt":{"rendered":"<p>El Consejo General del IEEM aprob\u00f3 este mi\u00e9rcoles el Convenio General de Coordinaci\u00f3n y Colaboraci\u00f3n entre el INE y el IEEM, con el fin de establecer las bases de coordinaci\u00f3n para hacer efectiva la realizaci\u00f3n del Proceso Electoral Concurrente 2023-2024 en el Estado de M\u00e9xico. Las autoridades electorales se alistan para los procesos electorales federal [&hellip;]<\/p>\n","protected":false},"author":1,"featured_media":35526,"comment_status":"closed","ping_status":"closed","sticky":false,"template":"","format":"standard","meta":{"footnotes":""},"categories":[36],"tags":[],"class_list":["post-35525","post","type-post","status-publish","format-standard","has-post-thumbnail","hentry","category-edomex"],"_links":{"self":[{"href":"https:\/\/elinformante.mx\/index.php?rest_route=\/wp\/v2\/posts\/35525","targetHints":{"allow":["GET"]}}],"collection":[{"href":"https:\/\/elinformante.mx\/index.php?rest_route=\/wp\/v2\/posts"}],"about":[{"href":"https:\/\/elinformante.mx\/index.php?rest_route=\/wp\/v2\/types\/post"}],"author":[{"embeddable":true,"href":"https:\/\/elinformante.mx\/index.php?rest_route=\/wp\/v2\/users\/1"}],"replies":[{"embeddable":true,"href":"https:\/\/elinformante.mx\/index.php?rest_route=%2Fwp%2Fv2%2Fcomments&post=35525"}],"version-history":[{"count":0,"href":"https:\/\/elinformante.mx\/index.php?rest_route=\/wp\/v2\/posts\/35525\/revisions"}],"wp:featuredmedia":[{"embeddable":true,"href":"https:\/\/elinformante.mx\/index.php?rest_route=\/wp\/v2\/media\/35526"}],"wp:attachment":[{"href":"https:\/\/elinformante.mx\/index.php?rest_route=%2Fwp%2Fv2%2Fmedia&parent=35525"}],"wp:term":[{"taxonomy":"category","embeddable":true,"href":"https:\/\/elinformante.mx\/index.php?rest_route=%2Fwp%2Fv2%2Fcategories&post=35525"},{"taxonomy":"post_tag","embeddable":true,"href":"https:\/\/elinformante.mx\/index.php?rest_route=%2Fwp%2Fv2%2Ftags&post=35525"}],"curies":[{"name":"wp","href":"https:\/\/api.w.org\/{rel}","templated":true}]}}