{"id":35535,"date":"2023-09-07T12:19:32","date_gmt":"2023-09-07T12:19:32","guid":{"rendered":"https:\/\/elinformante.mx\/?p=35535"},"modified":"2023-09-07T12:19:33","modified_gmt":"2023-09-07T12:19:33","slug":"ratifica-gem-su-calidad-del-sistema-educativo-como-el-mas-grande-del-pais","status":"publish","type":"post","link":"https:\/\/elinformante.mx\/?p=35535","title":{"rendered":"Ratifica GEM su calidad del Sistema Educativo como el m\u00e1s grande del pa\u00eds"},"content":{"rendered":"\n<blockquote class=\"wp-block-quote is-layout-flow wp-block-quote-is-layout-flow\">\n<p>Cuenta con una matr\u00edcula de m\u00e1s de 4 millones 400 mil estudiantes, atendidos por m\u00e1s de 252 mil docentes.<\/p>\n<\/blockquote>\n\n\n\n<p>Con m\u00e1s de 4 millones 400 mil estudiantes, m\u00e1s de 252 mil docentes y m\u00e1s de 24 mil escuelas, el sistema educativo mexiquense ratific\u00f3 su calidad como el m\u00e1s grande del pa\u00eds.<br><\/p>\n\n\n\n<p>En seis a\u00f1os de Gobierno, se consolidaron estrategias que lograron ofrecer educaci\u00f3n incluyente, equitativa y de calidad a ni\u00f1as, ni\u00f1os, adolescentes y j\u00f3venes de la entidad, como se estableci\u00f3 en el Pilar Social del Plan de Desarrollo Estatal del Gobierno del Estado de M\u00e9xico.<br><\/p>\n\n\n\n<p>En su Sexto Informe de Resultados, el Gobernador Alfredo Del Mazo Maza destac\u00f3 la importancia de invertir en educaci\u00f3n para garantizar el desarrollo de las futuras generaciones.<br><\/p>\n\n\n\n<p>Por ello, se benefici\u00f3 a la comunidad escolar de todos los niveles con la construcci\u00f3n, rehabilitaci\u00f3n y mejoramiento de m\u00e1s de 8 mil 800 espacios educativos.<br><\/p>\n\n\n\n<p>La labor educativa no puede entenderse sin el papel de maestras y maestros, de ah\u00ed que durante esta administraci\u00f3n se impuls\u00f3 el fortalecimiento de la planta docente a trav\u00e9s de capacitaciones y actualizaciones.<br><\/p>\n\n\n\n<p>En el sexto a\u00f1o de Gobierno se reconoci\u00f3 la excelencia y trayectoria de 3 mil docentes que destacaron por su constancia, sus m\u00e9ritos acad\u00e9micos y su entrega.<br><\/p>\n\n\n\n<p>El magisterio del Estado de M\u00e9xico se distingue por su pasi\u00f3n y constancia a favor de la ense\u00f1anza y aprendizaje de las y los alumnos, en 2023 se otorg\u00f3 la Presea de \u201cHonor Estado de M\u00e9xico\u201d a 24 destacados docentes de los subsistemas estatal y federalizado con m\u00e1s de 25 a\u00f1os de servicio.<br><\/p>\n\n\n\n<p>Asimismo, se entreg\u00f3 la Condecoraci\u00f3n \u201cMaestro Altamirano\u201d a 414 maestras y maestros mexiquenses de educaci\u00f3n b\u00e1sica y media superior por su labor profesional de 40 a\u00f1os o m\u00e1s.<br><\/p>\n\n\n\n<p>Con la finalidad de que la formaci\u00f3n t\u00e9cnica consiga mejores resultados y sea el camino para que m\u00e1s j\u00f3venes alcancen sus metas, resulta fundamental estrechar y fortalecer la vinculaci\u00f3n entre el sector acad\u00e9mico y el empresarial, por lo que el Estado de M\u00e9xico desarroll\u00f3 su propio Modelo de Educaci\u00f3n Dual, adapt\u00e1ndolo a las condiciones productivas, laborales e incluso culturales de la sociedad.<br><\/p>\n\n\n\n<p>En el \u00faltimo a\u00f1o de Gobierno se report\u00f3 la incorporaci\u00f3n al Modelo Dual de 2 mil 723 estudiantes de educaci\u00f3n media superior bajo la pr\u00e1ctica y acompa\u00f1amiento de 252 empresas, as\u00ed como 2 mil 103 estudiantes de educaci\u00f3n superior con el apoyo de 416 unidades econ\u00f3micas. En seis a\u00f1os de Gobierno se incorporaron 19 mil 424 alumnas y alumnos a esta modalidad.<br><\/p>\n\n\n\n<figure class=\"wp-block-image size-large\"><img fetchpriority=\"high\" decoding=\"async\" width=\"1024\" height=\"503\" src=\"https:\/\/elinformante.mx\/wp-content\/uploads\/2023\/09\/RATIFICA-1024x503.jpg\" alt=\"\" class=\"wp-image-35537\" srcset=\"https:\/\/elinformante.mx\/wp-content\/uploads\/2023\/09\/RATIFICA-1024x503.jpg 1024w, https:\/\/elinformante.mx\/wp-content\/uploads\/2023\/09\/RATIFICA-300x147.jpg 300w, https:\/\/elinformante.mx\/wp-content\/uploads\/2023\/09\/RATIFICA-768x377.jpg 768w, https:\/\/elinformante.mx\/wp-content\/uploads\/2023\/09\/RATIFICA-580x285.jpg 580w, https:\/\/elinformante.mx\/wp-content\/uploads\/2023\/09\/RATIFICA-860x422.jpg 860w, https:\/\/elinformante.mx\/wp-content\/uploads\/2023\/09\/RATIFICA.jpg 1140w\" sizes=\"(max-width: 1024px) 100vw, 1024px\" \/><\/figure>\n\n\n\n<p>El proyecto de Nodos Educativos-Productivos es un esquema creado e impulsado por el Gobierno estatal que se encuentra alineado a la formaci\u00f3n t\u00e9cnica, profesional y especializada del estudiante, mediante la capacitaci\u00f3n, certificaci\u00f3n y desarrollo de las nuevas competencias laborales.<br><\/p>\n\n\n\n<p>Como resultado, m\u00e1s de 74 mil estudiantes de 195 programas educativos han participado en actividades y proyectos interinstitucionales en cerca de mil 500 empresas, con el apoyo de 3 mil 835 docentes.<br><\/p>\n\n\n\n<p>En la entidad existen 13 Centros de Cooperaci\u00f3n Academia-Industria (Centros CAI) reconocidos por su experiencia y conocimientos en los sectores automotriz, alimentos y bebidas, manufactura, ingenier\u00eda, TIC, as\u00ed como de la industria 4.0.<br><\/p>\n\n\n\n<p>En ellos, los estudiantes interact\u00faan con investigadores y personal del sector en cuesti\u00f3n para desarrollar proyectos tecnol\u00f3gicos que generen mayor productividad en las empresas participantes y que resuelvan problem\u00e1ticas cotidianas.<br><\/p>\n\n\n\n<p>En el sexto a\u00f1o de Gobierno, con una inversi\u00f3n de 4 millones de pesos, se equip\u00f3 el Centro CAI del Tecnol\u00f3gico de Estudios Superiores del Oriente del Estado de M\u00e9xico, y el Centro CAI del Tecnol\u00f3gico de Estudios Superiores de Ixtapaluca.<br><\/p>\n\n\n\n<p>En suma, a lo largo del sexenio, en los 13 Centros CAI se desarrollaron 366 proyectos acad\u00e9micos en los que participan 828 estudiantes, 191 investigadores y 200 empresas.<br><\/p>\n\n\n\n<p>Por otra parte, el Estado de M\u00e9xico se convirti\u00f3 en la primera entidad del pa\u00eds en implementar una Estrategia Curricular en Igualdad de G\u00e9nero, proyecto formativo integral, gradual y secuenciado para estudiantes de educaci\u00f3n preescolar, primaria, secundaria y media superior.<br><\/p>\n\n\n\n<p>Esta estrategia est\u00e1 alineada con los Objetivos de Desarrollo Sostenible (ODS) de la Organizaci\u00f3n de las Naciones Unidas (ONU), y tiene como prop\u00f3sito contribuir a eliminar las desigualdades entre ni\u00f1as y ni\u00f1os, mujeres y hombres, mediante contenidos curriculares orientados a promover la igualdad de g\u00e9nero, los derechos humanos y la cultura de paz.<br><\/p>\n\n\n\n<p>Para su implementaci\u00f3n, se elaboraron cuatro libros para docentes y cinco para estudiantes, que se distribuyeron de manera gratuita a m\u00e1s de 3 millones 600 mil alumnos y cerca de 122 mil docentes de escuelas p\u00fablicas y privadas de educaci\u00f3n b\u00e1sica y media superior.<br><\/p>\n\n\n\n<p>Asimismo, se distribuyeron en versi\u00f3n digital tres documentos con orientaciones para docentes y 33 propuestas did\u00e1cticas, elaboradas en coordinaci\u00f3n con la Oficina de la UNESCO en M\u00e9xico.<\/p>\n","protected":false},"excerpt":{"rendered":"<p>Cuenta con una matr\u00edcula de m\u00e1s de 4 millones 400 mil estudiantes, atendidos por m\u00e1s de 252 mil docentes. Con m\u00e1s de 4 millones 400 mil estudiantes, m\u00e1s de 252 mil docentes y m\u00e1s de 24 mil escuelas, el sistema educativo mexiquense ratific\u00f3 su calidad como el m\u00e1s grande del pa\u00eds. En seis a\u00f1os de [&hellip;]<\/p>\n","protected":false},"author":1,"featured_media":35536,"comment_status":"closed","ping_status":"closed","sticky":false,"template":"","format":"standard","meta":{"footnotes":""},"categories":[30,36],"tags":[],"class_list":["post-35535","post","type-post","status-publish","format-standard","has-post-thumbnail","hentry","category-destacado","category-edomex"],"_links":{"self":[{"href":"https:\/\/elinformante.mx\/index.php?rest_route=\/wp\/v2\/posts\/35535","targetHints":{"allow":["GET"]}}],"collection":[{"href":"https:\/\/elinformante.mx\/index.php?rest_route=\/wp\/v2\/posts"}],"about":[{"href":"https:\/\/elinformante.mx\/index.php?rest_route=\/wp\/v2\/types\/post"}],"author":[{"embeddable":true,"href":"https:\/\/elinformante.mx\/index.php?rest_route=\/wp\/v2\/users\/1"}],"replies":[{"embeddable":true,"href":"https:\/\/elinformante.mx\/index.php?rest_route=%2Fwp%2Fv2%2Fcomments&post=35535"}],"version-history":[{"count":0,"href":"https:\/\/elinformante.mx\/index.php?rest_route=\/wp\/v2\/posts\/35535\/revisions"}],"wp:featuredmedia":[{"embeddable":true,"href":"https:\/\/elinformante.mx\/index.php?rest_route=\/wp\/v2\/media\/35536"}],"wp:attachment":[{"href":"https:\/\/elinformante.mx\/index.php?rest_route=%2Fwp%2Fv2%2Fmedia&parent=35535"}],"wp:term":[{"taxonomy":"category","embeddable":true,"href":"https:\/\/elinformante.mx\/index.php?rest_route=%2Fwp%2Fv2%2Fcategories&post=35535"},{"taxonomy":"post_tag","embeddable":true,"href":"https:\/\/elinformante.mx\/index.php?rest_route=%2Fwp%2Fv2%2Ftags&post=35535"}],"curies":[{"name":"wp","href":"https:\/\/api.w.org\/{rel}","templated":true}]}}