{"id":35542,"date":"2023-09-07T12:23:04","date_gmt":"2023-09-07T12:23:04","guid":{"rendered":"https:\/\/elinformante.mx\/?p=35542"},"modified":"2023-09-07T12:23:05","modified_gmt":"2023-09-07T12:23:05","slug":"todo-listo-para-la-feria-nacional-del-mole-en-la-alcaldia-milpa-alta","status":"publish","type":"post","link":"https:\/\/elinformante.mx\/?p=35542","title":{"rendered":"Todo listo para la Feria Nacional del Mole en la alcald\u00eda Milpa Alta"},"content":{"rendered":"\n<blockquote class=\"wp-block-quote is-layout-flow wp-block-quote-is-layout-flow\">\n<p>Se degustar\u00e1n Disfrutar\u00e1s moles picositos o dulces como el de pi\u00f1\u00f3n, almendrado, con ar\u00e1ndano, manzana y acompa\u00f1ados con pollo, guajolote, conejo y chilacayotes<\/p>\n<\/blockquote>\n\n\n\n<p>En el pueblo de San Pedro Actopan, perteneciente a la alcald\u00eda de Milpa Alta, preparan uno de los eventos donde los asistentes podr\u00e1n disfrutar de uno de los manjares mexicanos por excelencia,<br><\/p>\n\n\n\n<p>Se trata de la 46.\u00aa edici\u00f3n de la Feria Nacional del Mole 2023, donde participan m\u00e1s de dos mil familias originarias de esta demarcaci\u00f3n y que se realizar\u00e1 del 30 de septiembre al 22 de octubre, a la altura del kil\u00f3metro 17.5 de la carretera Xochimilco-Oaxtepec, en un espacio de uno 70 mil metros cuadrados que albergar\u00e1 a diversos expositores de moles, antojitos mexicanos y de otros giros mercantiles.<br><\/p>\n\n\n\n<figure class=\"wp-block-image size-large\"><img fetchpriority=\"high\" decoding=\"async\" width=\"1024\" height=\"503\" src=\"https:\/\/elinformante.mx\/wp-content\/uploads\/2023\/09\/TODO-LISTO-1024x503.jpg\" alt=\"\" class=\"wp-image-35544\" srcset=\"https:\/\/elinformante.mx\/wp-content\/uploads\/2023\/09\/TODO-LISTO-1024x503.jpg 1024w, https:\/\/elinformante.mx\/wp-content\/uploads\/2023\/09\/TODO-LISTO-300x147.jpg 300w, https:\/\/elinformante.mx\/wp-content\/uploads\/2023\/09\/TODO-LISTO-768x377.jpg 768w, https:\/\/elinformante.mx\/wp-content\/uploads\/2023\/09\/TODO-LISTO-580x285.jpg 580w, https:\/\/elinformante.mx\/wp-content\/uploads\/2023\/09\/TODO-LISTO-860x422.jpg 860w, https:\/\/elinformante.mx\/wp-content\/uploads\/2023\/09\/TODO-LISTO.jpg 1140w\" sizes=\"(max-width: 1024px) 100vw, 1024px\" \/><\/figure>\n\n\n\n<p>Entre las diferentes variedades de mole que se encontrar\u00e1n est\u00e1 desde el tradicional mole rojo en sus diversas variedades, almendrado, mole verde, api\u00f1onado, con frutas, pipi\u00e1n, gourmet, acompa\u00f1ados con pollo, guajolote, conejo, con carne de cerdo, chilacayotes o en enchiladas que podr\u00e1n acompa\u00f1arse con arroz, tortillas elaboradas a mano, pulque artesanal, y algunos otros sabores.<br><\/p>\n\n\n\n<p>Entre los espect\u00e1culos que se podr\u00e1n disfrutar son la danza de los voladores de Papantla, una exposici\u00f3n de globos de cantoya, la presencia de Espinoza Paz, juegos mec\u00e1nicos, jaripeos, danzas tradicionales y bailes populares, venta de artesan\u00edas y muchas otras actividades.<br><\/p>\n\n\n\n<p>Los productores de San Pedro Actopan comercializan m\u00e1s de 50 mil toneladas de mole al a\u00f1o, el cual se exporta a pa\u00edses como Estados Unidos, Canad\u00e1, Reino Unido, Alemania, entre otras.<\/p>\n","protected":false},"excerpt":{"rendered":"<p>Se degustar\u00e1n Disfrutar\u00e1s moles picositos o dulces como el de pi\u00f1\u00f3n, almendrado, con ar\u00e1ndano, manzana y acompa\u00f1ados con pollo, guajolote, conejo y chilacayotes En el pueblo de San Pedro Actopan, perteneciente a la alcald\u00eda de Milpa Alta, preparan uno de los eventos donde los asistentes podr\u00e1n disfrutar de uno de los manjares mexicanos por excelencia, [&hellip;]<\/p>\n","protected":false},"author":1,"featured_media":35543,"comment_status":"closed","ping_status":"closed","sticky":false,"template":"","format":"standard","meta":{"footnotes":""},"categories":[35],"tags":[],"class_list":["post-35542","post","type-post","status-publish","format-standard","has-post-thumbnail","hentry","category-cdmx"],"_links":{"self":[{"href":"https:\/\/elinformante.mx\/index.php?rest_route=\/wp\/v2\/posts\/35542","targetHints":{"allow":["GET"]}}],"collection":[{"href":"https:\/\/elinformante.mx\/index.php?rest_route=\/wp\/v2\/posts"}],"about":[{"href":"https:\/\/elinformante.mx\/index.php?rest_route=\/wp\/v2\/types\/post"}],"author":[{"embeddable":true,"href":"https:\/\/elinformante.mx\/index.php?rest_route=\/wp\/v2\/users\/1"}],"replies":[{"embeddable":true,"href":"https:\/\/elinformante.mx\/index.php?rest_route=%2Fwp%2Fv2%2Fcomments&post=35542"}],"version-history":[{"count":0,"href":"https:\/\/elinformante.mx\/index.php?rest_route=\/wp\/v2\/posts\/35542\/revisions"}],"wp:featuredmedia":[{"embeddable":true,"href":"https:\/\/elinformante.mx\/index.php?rest_route=\/wp\/v2\/media\/35543"}],"wp:attachment":[{"href":"https:\/\/elinformante.mx\/index.php?rest_route=%2Fwp%2Fv2%2Fmedia&parent=35542"}],"wp:term":[{"taxonomy":"category","embeddable":true,"href":"https:\/\/elinformante.mx\/index.php?rest_route=%2Fwp%2Fv2%2Fcategories&post=35542"},{"taxonomy":"post_tag","embeddable":true,"href":"https:\/\/elinformante.mx\/index.php?rest_route=%2Fwp%2Fv2%2Ftags&post=35542"}],"curies":[{"name":"wp","href":"https:\/\/api.w.org\/{rel}","templated":true}]}}