{"id":35553,"date":"2023-09-07T12:30:59","date_gmt":"2023-09-07T12:30:59","guid":{"rendered":"https:\/\/elinformante.mx\/?p=35553"},"modified":"2023-09-07T12:31:00","modified_gmt":"2023-09-07T12:31:00","slug":"gobernador-propone-ley-de-imagen-urbana-para-hidalgo","status":"publish","type":"post","link":"https:\/\/elinformante.mx\/?p=35553","title":{"rendered":"Gobernador propone Ley de Imagen Urbana para Hidalgo"},"content":{"rendered":"\n<blockquote class=\"wp-block-quote is-layout-flow wp-block-quote-is-layout-flow\">\n<p>Entre los puntos considera prohibir logotipos alusivos al gobierno municipal o estatal en turno en la infraestructura p\u00fablica, s\u00f3lo se usar\u00e1 el escudo oficial.<\/p>\n<\/blockquote>\n\n\n\n<p>El gobernador Julio Menchaca envi\u00f3 al Congreso local la iniciativa de proyecto con car\u00e1cter de preferente, por el que se expide la Ley de Imagen Urbana para el Estado de Hidalgo, mediante documento GEH\/052\/2023 y fue recibido por la diputada y presidenta de la Mesa Directiva del mes de septiembre, Sharon Macotela.<br><\/p>\n\n\n\n<p>La propuesta para su contenido ser\u00e1 de 90 art\u00edculos divididos en 15 cap\u00edtulos que conforman dos t\u00edtulos, as\u00ed como cinco del r\u00e9gimen transitorio y entre ellos proh\u00edbe relieves con logotipos institucionales en cualquier obra p\u00fablica y en mobiliarios de municipios y el gobierno estatal en turno, solo se permitir\u00e1 el escudo oficial.<br><\/p>\n\n\n\n<p>De acuerdo a los argumentos del gobernador para crear dicha ley es que actualmente, en forma general, hay carencia de criterios para uniformar la imagen de las ciudades, ya que falta mantenimiento, hay excesiva publicidad, abandono de los espacios p\u00fablicos y carencia en la identidad de las comunidades, pueblos y ciudades.<br><\/p>\n\n\n\n<p>En las consideraciones proh\u00edbe el abandono de autopartes y veh\u00edculos chatarra en las calles, contempla criterios para que las autoridades competentes emitan permisos, licencias y autorizaciones que impliquen una intervenci\u00f3n o modificaci\u00f3n de cualquier aspecto de la urbanidad.<br><\/p>\n\n\n\n<p>Establece la colocaci\u00f3n de biciestacionamientos y da prioridad al dise\u00f1o de infraestructura p\u00fablica para embarazadas, personas con discapacidad, ni\u00f1as y ni\u00f1os, en general para personas en vulnerabilidad.<br><\/p>\n\n\n\n<p>Se crear\u00e1 la Junta de Mejora que determinar\u00e1 recepcionar y gestionar ante las autoridades correspondientes las peticiones de la ciudadan\u00eda que tengan por objeto la mejora, conservaci\u00f3n, mantenimiento y restauraci\u00f3n de la imagen en el municipio.<\/p>\n","protected":false},"excerpt":{"rendered":"<p>Entre los puntos considera prohibir logotipos alusivos al gobierno municipal o estatal en turno en la infraestructura p\u00fablica, s\u00f3lo se usar\u00e1 el escudo oficial. El gobernador Julio Menchaca envi\u00f3 al Congreso local la iniciativa de proyecto con car\u00e1cter de preferente, por el que se expide la Ley de Imagen Urbana para el Estado de Hidalgo, [&hellip;]<\/p>\n","protected":false},"author":1,"featured_media":35554,"comment_status":"closed","ping_status":"closed","sticky":false,"template":"","format":"standard","meta":{"footnotes":""},"categories":[34],"tags":[],"class_list":["post-35553","post","type-post","status-publish","format-standard","has-post-thumbnail","hentry","category-nacional"],"_links":{"self":[{"href":"https:\/\/elinformante.mx\/index.php?rest_route=\/wp\/v2\/posts\/35553","targetHints":{"allow":["GET"]}}],"collection":[{"href":"https:\/\/elinformante.mx\/index.php?rest_route=\/wp\/v2\/posts"}],"about":[{"href":"https:\/\/elinformante.mx\/index.php?rest_route=\/wp\/v2\/types\/post"}],"author":[{"embeddable":true,"href":"https:\/\/elinformante.mx\/index.php?rest_route=\/wp\/v2\/users\/1"}],"replies":[{"embeddable":true,"href":"https:\/\/elinformante.mx\/index.php?rest_route=%2Fwp%2Fv2%2Fcomments&post=35553"}],"version-history":[{"count":0,"href":"https:\/\/elinformante.mx\/index.php?rest_route=\/wp\/v2\/posts\/35553\/revisions"}],"wp:featuredmedia":[{"embeddable":true,"href":"https:\/\/elinformante.mx\/index.php?rest_route=\/wp\/v2\/media\/35554"}],"wp:attachment":[{"href":"https:\/\/elinformante.mx\/index.php?rest_route=%2Fwp%2Fv2%2Fmedia&parent=35553"}],"wp:term":[{"taxonomy":"category","embeddable":true,"href":"https:\/\/elinformante.mx\/index.php?rest_route=%2Fwp%2Fv2%2Fcategories&post=35553"},{"taxonomy":"post_tag","embeddable":true,"href":"https:\/\/elinformante.mx\/index.php?rest_route=%2Fwp%2Fv2%2Ftags&post=35553"}],"curies":[{"name":"wp","href":"https:\/\/api.w.org\/{rel}","templated":true}]}}