{"id":35556,"date":"2023-09-07T12:33:30","date_gmt":"2023-09-07T12:33:30","guid":{"rendered":"https:\/\/elinformante.mx\/?p=35556"},"modified":"2023-09-07T12:33:31","modified_gmt":"2023-09-07T12:33:31","slug":"aumentan-64-9-los-robos-al-transporte-de-carga-en-carreteras-de-puebla","status":"publish","type":"post","link":"https:\/\/elinformante.mx\/?p=35556","title":{"rendered":"Aumentan 64.9% los robos al transporte de carga en carreteras de Puebla"},"content":{"rendered":"\n<blockquote class=\"wp-block-quote is-layout-flow wp-block-quote-is-layout-flow\">\n<p>Al cierre de los primeros siete meses de 2023, el robo al transporte de carga en la entidad super\u00f3 los mil incidentes.<\/p>\n<\/blockquote>\n\n\n\n<p>La inseguridad que acecha a los conductores de transporte de carga en las carreteras del estado ha convertido su trabajo en un aut\u00e9ntico calvario. Tan s\u00f3lo en los primeros siete meses de 2023, de enero a julio, se registraron mil 577 robos a transportistas, cifra que represent\u00f3 un aumento del 64.9 por ciento en relaci\u00f3n a los 956 incidentes reportados en el mismo periodo del a\u00f1o inmediato anterior.<br><\/p>\n\n\n\n<p>A ello se suman las exigentes condiciones laborales que mantienen a los conductores en operaci\u00f3n por m\u00e1s de 12 horas seguidas y sin la posibilidad de ver a su familia. No obstante la falta de oportunidades laborales los obliga a permanecer en el sector.<br><\/p>\n\n\n\n<p>Los l\u00edderes de organismos y conductores coincidieron que el sector ha sido relegado por parte de las autoridades, a pesar de que su funci\u00f3n es esencial para la econom\u00eda del pa\u00eds, por lo que les hicieron un llamado para que mejoren su situaci\u00f3n.<br><\/p>\n\n\n\n<p>Tan s\u00f3lo al cierre de los primeros siete meses de 2023, el robo al transporte de carga en la entidad super\u00f3 los mil incidentes. Ese dato signific\u00f3 64.9 por ciento m\u00e1s que lo registrado en el mismo periodo del 2022, seg\u00fan el reporte del Secretariado Ejecutivo del Sistema Nacional de Seguridad P\u00fablica.<br><\/p>\n\n\n\n<p>David Rom\u00e1n, presidente de la Asociaci\u00f3n Nacional de Empresas de Rastreo y Protecci\u00f3n Vehicular (ANERPV), coment\u00f3 que han detectado que los atracos se concentran en su mayor\u00eda en las carreteras que pasan por San Mart\u00edn Texmelucan, Puebla, Amozoc y Esperanza. Mientras que la mercanc\u00eda m\u00e1s robada son los abarrotes, vinos y licores, as\u00ed como electr\u00f3nicos y l\u00ednea blanca.<br><\/p>\n\n\n\n<p>La raz\u00f3n es que estos art\u00edculos pueden venderse de manera m\u00e1s f\u00e1cil en mercados y tianguis de las zonas. \u201cEn los cruces de carreteras estatales con federales es donde hay m\u00e1s incidencia. Observamos que se suben a los veh\u00edculos en las carreteras federales y los desv\u00edan hacia las poblanas, ah\u00ed se descarga la mercanc\u00eda para vender en algunos tianguis o se mete en otros veh\u00edculos para transportarla\u201d, detall\u00f3.<br><\/p>\n\n\n\n<p>En este sentido, afirm\u00f3 que las empresas transportadoras de mercanc\u00edas deben utilizar la tecnolog\u00eda, en espec\u00edfico rastreador GPS y c\u00e1maras de vigilancia, para enfrentar este tipo de robos, pues la probabilidad de recuperar el veh\u00edculo y ubicar la carga es del 75 por ciento.<\/p>\n","protected":false},"excerpt":{"rendered":"<p>Al cierre de los primeros siete meses de 2023, el robo al transporte de carga en la entidad super\u00f3 los mil incidentes. La inseguridad que acecha a los conductores de transporte de carga en las carreteras del estado ha convertido su trabajo en un aut\u00e9ntico calvario. Tan s\u00f3lo en los primeros siete meses de 2023, [&hellip;]<\/p>\n","protected":false},"author":1,"featured_media":35557,"comment_status":"closed","ping_status":"closed","sticky":false,"template":"","format":"standard","meta":{"footnotes":""},"categories":[34],"tags":[],"class_list":["post-35556","post","type-post","status-publish","format-standard","has-post-thumbnail","hentry","category-nacional"],"_links":{"self":[{"href":"https:\/\/elinformante.mx\/index.php?rest_route=\/wp\/v2\/posts\/35556","targetHints":{"allow":["GET"]}}],"collection":[{"href":"https:\/\/elinformante.mx\/index.php?rest_route=\/wp\/v2\/posts"}],"about":[{"href":"https:\/\/elinformante.mx\/index.php?rest_route=\/wp\/v2\/types\/post"}],"author":[{"embeddable":true,"href":"https:\/\/elinformante.mx\/index.php?rest_route=\/wp\/v2\/users\/1"}],"replies":[{"embeddable":true,"href":"https:\/\/elinformante.mx\/index.php?rest_route=%2Fwp%2Fv2%2Fcomments&post=35556"}],"version-history":[{"count":0,"href":"https:\/\/elinformante.mx\/index.php?rest_route=\/wp\/v2\/posts\/35556\/revisions"}],"wp:featuredmedia":[{"embeddable":true,"href":"https:\/\/elinformante.mx\/index.php?rest_route=\/wp\/v2\/media\/35557"}],"wp:attachment":[{"href":"https:\/\/elinformante.mx\/index.php?rest_route=%2Fwp%2Fv2%2Fmedia&parent=35556"}],"wp:term":[{"taxonomy":"category","embeddable":true,"href":"https:\/\/elinformante.mx\/index.php?rest_route=%2Fwp%2Fv2%2Fcategories&post=35556"},{"taxonomy":"post_tag","embeddable":true,"href":"https:\/\/elinformante.mx\/index.php?rest_route=%2Fwp%2Fv2%2Ftags&post=35556"}],"curies":[{"name":"wp","href":"https:\/\/api.w.org\/{rel}","templated":true}]}}