{"id":35562,"date":"2023-09-07T12:36:06","date_gmt":"2023-09-07T12:36:06","guid":{"rendered":"https:\/\/elinformante.mx\/?p=35562"},"modified":"2023-09-07T12:36:07","modified_gmt":"2023-09-07T12:36:07","slug":"scjn-despenaliza-el-aborto-en-todas-las-etapas-de-embarazo-del-codigo-penal-federal","status":"publish","type":"post","link":"https:\/\/elinformante.mx\/?p=35562","title":{"rendered":"SCJN despenaliza el aborto en todas las etapas de embarazo del C\u00f3digo Penal Federal"},"content":{"rendered":"\n<blockquote class=\"wp-block-quote is-layout-flow wp-block-quote-is-layout-flow\">\n<p>El organismo resolvi\u00f3 la propuesta de la ministra Margarita R\u00edos Farjat en la Primera Sala.<\/p>\n<\/blockquote>\n\n\n\n<p>Luego del que pasado lunes 04 de septiembre la ministra Margarita R\u00edos Farjat propusiera invalidar los art\u00edculos y las actuales porciones normativas del C\u00f3digo Penal Federal que sancionan con prisi\u00f3n a las mujeres que abortan dentro del territorio mexicano, finalmente este la Suprema Corte de Justicia de la Naci\u00f3n (SCJN) resolvi\u00f3 que es inconstitucional la postura dentro de nuestro sistema jur\u00eddico.<br><\/p>\n\n\n\n<p>Se necesitaban \u00fanicamente cuatro posturas a favor para que el proyecto de la funcionaria pasara en la Primera Sala de la SCJN, el cual se plante\u00f3 hoy mi\u00e9rcoles 06 de septiembre. De acuerdo a lo estipulado por Margarita R\u00edos Farjat, esta despenalizaci\u00f3n fue aprobada por unanimidad y tendr\u00e1 efectos retroactivos en beneficio de las mujeres que se encuentran siendo procesadas o sentenciadas por este delito.<br><\/p>\n\n\n\n<p>Gracias al amparo que interpuso la asociaci\u00f3n civil Grupo de Informaci\u00f3n en Reproducci\u00f3n Elegida (GIRE) a favor de las mujeres que estaban siendo juzgadas por \u201ceste delito\u201d, es que hoy miles de personas con capacidad de gestar ser\u00e1n absueltas, pues se establecer\u00e1 jurisprudencia y el criterio ser\u00e1 de aplicaci\u00f3n obligatoria en todo el territorio nacional.<br><\/p>\n\n\n\n<p>De acuerdo con la asociaci\u00f3n civil, la estrategia jur\u00eddica garantizar\u00e1 que todas las mujeres y personas gestantes tengan acceso a abortos seguros sin ser criminalizadas, por ende, lo que se consideraba como \u201cdelito de aborto\u201d dentro del C\u00f3digo Penal de estados como Coahuila, quedar\u00e1 completamente invalidado a nivel federal.<br><\/p>\n\n\n\n<p>Con esta resoluci\u00f3n las dependencias de salud como el Instituto Mexicano Del Seguro Social (IMSS), el Instituto de Seguridad y Servicios Sociales de los Trabajadores del Estado (ISSSTE), hospitales de Petr\u00f3leos Mexicanos (Pemex) y cualquier instituci\u00f3n m\u00e9dica federal deber\u00e1n brindar el servicio de aborto a todas las mujeres y personas con capacidad de gestar que lo soliciten.<br><\/p>\n\n\n\n<p>Adem\u00e1s, el personal m\u00e9dico de las instituciones federales de salud no podr\u00e1 ser criminalizado por brindar este servicio.<br><\/p>\n\n\n\n<p>Asimismo, la Corte orden\u00f3 que se elimine el delito de aborto en el C\u00f3digo Penal Federal.<br><\/p>\n\n\n\n<p>Al haberse aprobado por unanimidad, esta sentencia se vuelve obligatoria para todas y todos los jueces locales y federales, quienes tendr\u00e1n que implementar lo dicho por la Corte.<\/p>\n","protected":false},"excerpt":{"rendered":"<p>El organismo resolvi\u00f3 la propuesta de la ministra Margarita R\u00edos Farjat en la Primera Sala. Luego del que pasado lunes 04 de septiembre la ministra Margarita R\u00edos Farjat propusiera invalidar los art\u00edculos y las actuales porciones normativas del C\u00f3digo Penal Federal que sancionan con prisi\u00f3n a las mujeres que abortan dentro del territorio mexicano, finalmente [&hellip;]<\/p>\n","protected":false},"author":1,"featured_media":35563,"comment_status":"closed","ping_status":"closed","sticky":false,"template":"","format":"standard","meta":{"footnotes":""},"categories":[34],"tags":[],"class_list":["post-35562","post","type-post","status-publish","format-standard","has-post-thumbnail","hentry","category-nacional"],"_links":{"self":[{"href":"https:\/\/elinformante.mx\/index.php?rest_route=\/wp\/v2\/posts\/35562","targetHints":{"allow":["GET"]}}],"collection":[{"href":"https:\/\/elinformante.mx\/index.php?rest_route=\/wp\/v2\/posts"}],"about":[{"href":"https:\/\/elinformante.mx\/index.php?rest_route=\/wp\/v2\/types\/post"}],"author":[{"embeddable":true,"href":"https:\/\/elinformante.mx\/index.php?rest_route=\/wp\/v2\/users\/1"}],"replies":[{"embeddable":true,"href":"https:\/\/elinformante.mx\/index.php?rest_route=%2Fwp%2Fv2%2Fcomments&post=35562"}],"version-history":[{"count":0,"href":"https:\/\/elinformante.mx\/index.php?rest_route=\/wp\/v2\/posts\/35562\/revisions"}],"wp:featuredmedia":[{"embeddable":true,"href":"https:\/\/elinformante.mx\/index.php?rest_route=\/wp\/v2\/media\/35563"}],"wp:attachment":[{"href":"https:\/\/elinformante.mx\/index.php?rest_route=%2Fwp%2Fv2%2Fmedia&parent=35562"}],"wp:term":[{"taxonomy":"category","embeddable":true,"href":"https:\/\/elinformante.mx\/index.php?rest_route=%2Fwp%2Fv2%2Fcategories&post=35562"},{"taxonomy":"post_tag","embeddable":true,"href":"https:\/\/elinformante.mx\/index.php?rest_route=%2Fwp%2Fv2%2Ftags&post=35562"}],"curies":[{"name":"wp","href":"https:\/\/api.w.org\/{rel}","templated":true}]}}