{"id":35572,"date":"2023-09-07T12:39:39","date_gmt":"2023-09-07T12:39:39","guid":{"rendered":"https:\/\/elinformante.mx\/?p=35572"},"modified":"2023-09-07T12:39:40","modified_gmt":"2023-09-07T12:39:40","slug":"presenta-gem-observatorio-turistico-y-artesanal-edomex","status":"publish","type":"post","link":"https:\/\/elinformante.mx\/?p=35572","title":{"rendered":"Presenta GEM Observatorio Tur\u00edstico y Artesanal Edom\u00e9x"},"content":{"rendered":"\n<blockquote class=\"wp-block-quote is-layout-flow wp-block-quote-is-layout-flow\">\n<p>Ser\u00e1 un referente en todo el pa\u00eds por la informaci\u00f3n cartogr\u00e1fica, geoespacial y estad\u00edstica que ofrecer\u00e1 a quienes consulten.<\/p>\n<\/blockquote>\n\n\n\n<p>Como parte de las acciones de conclusi\u00f3n de la actual Gobierno del Estado de M\u00e9xico, a trav\u00e9s de la Secretar\u00eda de Cultura y Turismo y de la Universidad Aut\u00f3noma del Estado de M\u00e9xico (UAEM), y en cumplimiento a la Ley de Turismo Sostenible y Desarrollo Artesanal Estatal, se llev\u00f3 a cabo la presentaci\u00f3n del Observatorio Tur\u00edstico y Artesanal Edom\u00e9x (OTAEM).<br><\/p>\n\n\n\n<p>Durante el encuentro, Ivett Tinoco Garc\u00eda, Secretaria de Cultura y Turismo, refiri\u00f3 que este Observatorio ser\u00e1 un referente en todo el pa\u00eds, ya que no s\u00f3lo da cumplimiento a la ley, sino que se puede observar el comportamiento del turista en el territorio y hace part\u00edcipe en la integraci\u00f3n de la informaci\u00f3n a todas y todos los involucrados en el sector turismo, entre acad\u00e9micos, estudiantes, prestadores de servicios tur\u00edsticos, artesanas, artesanos y directores de turismo municipales.<br><\/p>\n\n\n\n<p>\u201cEl Observatorio Tur\u00edstico y Artesanal recupera los saberes de las comunidades para agradecerles que, a lo largo de muchas generaciones, nos han dado y siguen dando identidad, que lo hacen como una forma de vida, lo cual tambi\u00e9n nutre a la toma de decisiones, a las pol\u00edticas p\u00fablicas y enriquecen al servicio p\u00fablico\u201d, destac\u00f3 Ivette Tinoco.<br><\/p>\n\n\n\n<p>En su oportunidad, Isidro Rogel Fajardo, Director de la Facultad de Planeaci\u00f3n Urbana y Regional, de la Universidad Aut\u00f3noma del Estado de M\u00e9xico (UAEM), comparti\u00f3 que el OTAEM es una herramienta no est\u00e1tica, sino din\u00e1mica, ya que permitir\u00e1 a las y los tomadores de decisiones, as\u00ed como a prestadores de servicios tur\u00edsticos, artesanas y artesanos, alimentar la base de datos de manera continua y la informaci\u00f3n cartogr\u00e1fica de manera permanente.<br><\/p>\n\n\n\n<p>\u201cEl Observatorio tiene algo que lo hace ser el m\u00e1s importante en todo el pa\u00eds, su Atlas, ya que es un ejercicio cartogr\u00e1fico muy bien cuidado desde el punto de vista gr\u00e1fico, pero principalmente desde la parte geoespacial y estad\u00edstica.<br><\/p>\n\n\n\n<p>\u201cAdem\u00e1s, no s\u00f3lo permite ver c\u00f3mo se desarrollan las actividades tur\u00edsticas en zonas urbanas sino tambi\u00e9n el valor tur\u00edstico que tienen las zonas rurales de la entidad\u201d, extern\u00f3 Rogel Fajardo.<br><\/p>\n\n\n\n<p>Durante el evento de presentaci\u00f3n se comparti\u00f3 que, a trav\u00e9s del OTAEM, tambi\u00e9n se tendr\u00e1 la oportunidad de visualizar en el Atlas c\u00f3mo se conectan, a trav\u00e9s de las carreteras tanto nacionales, estatales y locales, todos los sitios tur\u00edsticos del Estado de M\u00e9xico.<br><\/p>\n\n\n\n<p>De manera virtual, Pablo Cicollela, catedr\u00e1tico de la Universidad de Buenos Aires, Argentina, reconoci\u00f3 el trabajo que hace el Gobierno del Estado de M\u00e9xico y la UAEM, ya que es una herramienta potente que brindar\u00e1 un gran servicio en la generaci\u00f3n de pol\u00edticas p\u00fablicas, an\u00e1lisis, procesos de investigaci\u00f3n y documentales y tambi\u00e9n ser\u00e1 vital en el d\u00eda a d\u00eda para las y los turistas, prestadores de servicios tur\u00edsticos y artesanos.<\/p>\n","protected":false},"excerpt":{"rendered":"<p>Ser\u00e1 un referente en todo el pa\u00eds por la informaci\u00f3n cartogr\u00e1fica, geoespacial y estad\u00edstica que ofrecer\u00e1 a quienes consulten. Como parte de las acciones de conclusi\u00f3n de la actual Gobierno del Estado de M\u00e9xico, a trav\u00e9s de la Secretar\u00eda de Cultura y Turismo y de la Universidad Aut\u00f3noma del Estado de M\u00e9xico (UAEM), y en [&hellip;]<\/p>\n","protected":false},"author":1,"featured_media":35573,"comment_status":"closed","ping_status":"closed","sticky":false,"template":"","format":"standard","meta":{"footnotes":""},"categories":[30,31],"tags":[],"class_list":["post-35572","post","type-post","status-publish","format-standard","has-post-thumbnail","hentry","category-destacado","category-portada"],"_links":{"self":[{"href":"https:\/\/elinformante.mx\/index.php?rest_route=\/wp\/v2\/posts\/35572","targetHints":{"allow":["GET"]}}],"collection":[{"href":"https:\/\/elinformante.mx\/index.php?rest_route=\/wp\/v2\/posts"}],"about":[{"href":"https:\/\/elinformante.mx\/index.php?rest_route=\/wp\/v2\/types\/post"}],"author":[{"embeddable":true,"href":"https:\/\/elinformante.mx\/index.php?rest_route=\/wp\/v2\/users\/1"}],"replies":[{"embeddable":true,"href":"https:\/\/elinformante.mx\/index.php?rest_route=%2Fwp%2Fv2%2Fcomments&post=35572"}],"version-history":[{"count":0,"href":"https:\/\/elinformante.mx\/index.php?rest_route=\/wp\/v2\/posts\/35572\/revisions"}],"wp:featuredmedia":[{"embeddable":true,"href":"https:\/\/elinformante.mx\/index.php?rest_route=\/wp\/v2\/media\/35573"}],"wp:attachment":[{"href":"https:\/\/elinformante.mx\/index.php?rest_route=%2Fwp%2Fv2%2Fmedia&parent=35572"}],"wp:term":[{"taxonomy":"category","embeddable":true,"href":"https:\/\/elinformante.mx\/index.php?rest_route=%2Fwp%2Fv2%2Fcategories&post=35572"},{"taxonomy":"post_tag","embeddable":true,"href":"https:\/\/elinformante.mx\/index.php?rest_route=%2Fwp%2Fv2%2Ftags&post=35572"}],"curies":[{"name":"wp","href":"https:\/\/api.w.org\/{rel}","templated":true}]}}