{"id":35585,"date":"2023-09-07T12:56:02","date_gmt":"2023-09-07T12:56:02","guid":{"rendered":"https:\/\/elinformante.mx\/?p=35585"},"modified":"2023-09-07T12:56:03","modified_gmt":"2023-09-07T12:56:03","slug":"sheinbaum-la-ganadora-ebrard-rompe-con-morena","status":"publish","type":"post","link":"https:\/\/elinformante.mx\/?p=35585","title":{"rendered":"SHEINBAUM LA GANADORA; EBRARD ROMPE CON MORENA"},"content":{"rendered":"\n<blockquote class=\"wp-block-quote is-layout-flow wp-block-quote-is-layout-flow\">\n<p>Ebrard dijo en reuni\u00f3n con su equipo de trabajo \u201cNo nos vamos a someter a esa se\u00f1ora\u201d, en referencia a Claudia Sheinbaum.<\/p>\n<\/blockquote>\n\n\n\n<p>Lo sorpresivo hubiera sido que no ganara. Claudia Sheinbaum Pardo gan\u00f3 la encuesta del proceso interno de Morena y ser\u00e1 nombrada coordinadora de los Comit\u00e9s de Defensa de la Cuarta Transformaci\u00f3n de dicho partido.<br><\/p>\n\n\n\n<p>El proceso de Morena cerr\u00f3 su primera etapa, compuesta por giras o recorridos, en medio de acusaciones del excanciller, Marcelo Ebrard, contra la favorita en las preferencias, Claudia Sheinbaum.<br><\/p>\n\n\n\n<p>De acuerdo con lo expuesto, los resultados quedaron de la siguiente manera:<\/p>\n\n\n\n<figure class=\"wp-block-image size-large\"><img fetchpriority=\"high\" decoding=\"async\" width=\"1024\" height=\"503\" src=\"https:\/\/elinformante.mx\/wp-content\/uploads\/2023\/09\/claudia-2-1024x503.jpg\" alt=\"\" class=\"wp-image-35587\" srcset=\"https:\/\/elinformante.mx\/wp-content\/uploads\/2023\/09\/claudia-2-1024x503.jpg 1024w, https:\/\/elinformante.mx\/wp-content\/uploads\/2023\/09\/claudia-2-300x147.jpg 300w, https:\/\/elinformante.mx\/wp-content\/uploads\/2023\/09\/claudia-2-768x377.jpg 768w, https:\/\/elinformante.mx\/wp-content\/uploads\/2023\/09\/claudia-2-580x285.jpg 580w, https:\/\/elinformante.mx\/wp-content\/uploads\/2023\/09\/claudia-2-860x422.jpg 860w, https:\/\/elinformante.mx\/wp-content\/uploads\/2023\/09\/claudia-2.jpg 1140w\" sizes=\"(max-width: 1024px) 100vw, 1024px\" \/><\/figure>\n\n\n\n<ol class=\"wp-block-list\">\n<li>Claudia: 39.4%<\/li>\n\n\n\n<li>Ebrard: 25.6%<\/li>\n\n\n\n<li>Noro\u00f1a: 12.2%<\/li>\n\n\n\n<li>Ad\u00e1n Augusto: 10%<\/li>\n\n\n\n<li>Monreal: 6.5%<\/li>\n\n\n\n<li>Manuel Velasco: 6.3%<\/li>\n<\/ol>\n\n\n\n<p>Tal como estaba previsto, Sheinbaum recibir\u00e1 pr\u00f3ximamente de manos de L\u00f3pez Obrador el \u201cbast\u00f3n de mando\u201d del movimiento izquierdista, e ir\u00e1 a las elecciones presidenciales del 6 de junio de 2024, donde se medir\u00e1 con la senadora panista X\u00f3chitl G\u00e1lvez.<br><\/p>\n\n\n\n<p>Marcelo Ebrard Casaub\u00f3n acus\u00f3 en las \u00faltimas semanas que el partido hab\u00eda apoyado a Sheinbaum usando recursos p\u00fablicos, y afirm\u00f3 que, a los eventos de la exjefa de Gobierno, presionaban a personas a asistir.<br><\/p>\n\n\n\n<figure class=\"wp-block-image size-large\"><img decoding=\"async\" width=\"1024\" height=\"503\" src=\"https:\/\/elinformante.mx\/wp-content\/uploads\/2023\/09\/ebra-3-1024x503.jpg\" alt=\"\" class=\"wp-image-35589\" srcset=\"https:\/\/elinformante.mx\/wp-content\/uploads\/2023\/09\/ebra-3-1024x503.jpg 1024w, https:\/\/elinformante.mx\/wp-content\/uploads\/2023\/09\/ebra-3-300x147.jpg 300w, https:\/\/elinformante.mx\/wp-content\/uploads\/2023\/09\/ebra-3-768x377.jpg 768w, https:\/\/elinformante.mx\/wp-content\/uploads\/2023\/09\/ebra-3-580x285.jpg 580w, https:\/\/elinformante.mx\/wp-content\/uploads\/2023\/09\/ebra-3-860x422.jpg 860w, https:\/\/elinformante.mx\/wp-content\/uploads\/2023\/09\/ebra-3.jpg 1140w\" sizes=\"(max-width: 1024px) 100vw, 1024px\" \/><\/figure>\n\n\n\n<p>Ebrard pidi\u00f3 repetir el proceso para definir la candidatura presidencial del partido gobernante, Morena, porque \u201cno tiene remedio\u201d, una acusaci\u00f3n hecha apenas horas antes de revelarse al ganador.<br><\/p>\n\n\n\n<p>Esta denuncia abre una grieta en Morena, fundado por el actual presidente mexicano, Andr\u00e9s Manuel L\u00f3pez Obrador.<br><\/p>\n\n\n\n<p>Incluso Ebrard Casaub\u00f3n en entrevista para un medio de comunicaci\u00f3n, confirm\u00f3 que sus diferencias con el partido son irreconciliables.<br><\/p>\n\n\n\n<figure class=\"wp-block-image size-large\"><img decoding=\"async\" width=\"1024\" height=\"503\" src=\"https:\/\/elinformante.mx\/wp-content\/uploads\/2023\/09\/claudia-3-1024x503.jpg\" alt=\"\" class=\"wp-image-35588\" srcset=\"https:\/\/elinformante.mx\/wp-content\/uploads\/2023\/09\/claudia-3-1024x503.jpg 1024w, https:\/\/elinformante.mx\/wp-content\/uploads\/2023\/09\/claudia-3-300x147.jpg 300w, https:\/\/elinformante.mx\/wp-content\/uploads\/2023\/09\/claudia-3-768x377.jpg 768w, https:\/\/elinformante.mx\/wp-content\/uploads\/2023\/09\/claudia-3-580x285.jpg 580w, https:\/\/elinformante.mx\/wp-content\/uploads\/2023\/09\/claudia-3-860x422.jpg 860w, https:\/\/elinformante.mx\/wp-content\/uploads\/2023\/09\/claudia-3.jpg 1140w\" sizes=\"(max-width: 1024px) 100vw, 1024px\" \/><\/figure>\n\n\n\n<p>Volvi\u00f3 a condenar el uso de la fuerza p\u00fablica contra sus representantes al momento de querer ingresar al WTC para validar el conteo de los votos de la encuesta de Movimiento Regeneraci\u00f3n Nacional (Morena). Adem\u00e1s, reiter\u00f3 las irregularidades en el conteo; sin embargo, no apunto expresamente que se tratara de un fraude.<br><\/p>\n\n\n\n<p>Ebrard elev\u00f3 sus cr\u00edticas al proceso interno, y llam\u00f3 cobardes a Mario Delgado y Alfonso Durazo, quienes negaron el acceso al lugar donde se llevaba el conteo a la representaci\u00f3n del ex canciller.<br><\/p>\n\n\n\n<p>Adem\u00e1s acus\u00f3 a funcionarios de Morena, del Gobierno federal y de Ciudad de M\u00e9xico de usar recursos para movilizar a votantes a favor de Sheinbaum, quien desde un inicio ha liderado los sondeos.<br><\/p>\n\n\n\n<figure class=\"wp-block-image size-large\"><img loading=\"lazy\" decoding=\"async\" width=\"1024\" height=\"503\" src=\"https:\/\/elinformante.mx\/wp-content\/uploads\/2023\/09\/ebra-1024x503.jpg\" alt=\"\" class=\"wp-image-35590\" srcset=\"https:\/\/elinformante.mx\/wp-content\/uploads\/2023\/09\/ebra-1024x503.jpg 1024w, https:\/\/elinformante.mx\/wp-content\/uploads\/2023\/09\/ebra-300x147.jpg 300w, https:\/\/elinformante.mx\/wp-content\/uploads\/2023\/09\/ebra-768x377.jpg 768w, https:\/\/elinformante.mx\/wp-content\/uploads\/2023\/09\/ebra-580x285.jpg 580w, https:\/\/elinformante.mx\/wp-content\/uploads\/2023\/09\/ebra-860x422.jpg 860w, https:\/\/elinformante.mx\/wp-content\/uploads\/2023\/09\/ebra.jpg 1140w\" sizes=\"(max-width: 1024px) 100vw, 1024px\" \/><\/figure>\n\n\n\n<p>De las encuestas hechas en persona a 12 mil 500 ciudadanos, el equipo del aspirante sostuvo que el 14,4 % de las urnas presenta irregularidades o incidencias.<br><\/p>\n\n\n\n<p>Entre las denuncias est\u00e1n que no coinciden folios de las boletas de votaci\u00f3n y las actas, que hay urnas sin actas, urnas con menos boletas, inconsistencias al momento de levantar la encuesta, adem\u00e1s de la falta de igualdad entre los aspirantes.<br><\/p>\n\n\n\n<p>\u201cPor el n\u00famero de incidencias y su impacto en las encuestas, lo que debiera hacerse, lo que procede, es repetir el ejercicio. Es mejor decir, es mejor que digamos a la opini\u00f3n p\u00fablica \u2018tuvimos estas fallas\u2019, a querer sacar a rajatabla (el resultado) como est\u00e1\u201d, remarc\u00f3 Ebrard.<\/p>\n\n\n\n<figure class=\"wp-block-image size-large\"><img loading=\"lazy\" decoding=\"async\" width=\"1024\" height=\"503\" src=\"https:\/\/elinformante.mx\/wp-content\/uploads\/2023\/09\/ebra-2-1024x503.jpg\" alt=\"\" class=\"wp-image-35591\" srcset=\"https:\/\/elinformante.mx\/wp-content\/uploads\/2023\/09\/ebra-2-1024x503.jpg 1024w, https:\/\/elinformante.mx\/wp-content\/uploads\/2023\/09\/ebra-2-300x147.jpg 300w, https:\/\/elinformante.mx\/wp-content\/uploads\/2023\/09\/ebra-2-768x377.jpg 768w, https:\/\/elinformante.mx\/wp-content\/uploads\/2023\/09\/ebra-2-580x285.jpg 580w, https:\/\/elinformante.mx\/wp-content\/uploads\/2023\/09\/ebra-2-860x422.jpg 860w, https:\/\/elinformante.mx\/wp-content\/uploads\/2023\/09\/ebra-2.jpg 1140w\" sizes=\"(max-width: 1024px) 100vw, 1024px\" \/><\/figure>\n","protected":false},"excerpt":{"rendered":"<p>Ebrard dijo en reuni\u00f3n con su equipo de trabajo \u201cNo nos vamos a someter a esa se\u00f1ora\u201d, en referencia a Claudia Sheinbaum. Lo sorpresivo hubiera sido que no ganara. Claudia Sheinbaum Pardo gan\u00f3 la encuesta del proceso interno de Morena y ser\u00e1 nombrada coordinadora de los Comit\u00e9s de Defensa de la Cuarta Transformaci\u00f3n de dicho [&hellip;]<\/p>\n","protected":false},"author":1,"featured_media":35586,"comment_status":"closed","ping_status":"closed","sticky":false,"template":"","format":"standard","meta":{"footnotes":""},"categories":[30,31],"tags":[],"class_list":["post-35585","post","type-post","status-publish","format-standard","has-post-thumbnail","hentry","category-destacado","category-portada"],"_links":{"self":[{"href":"https:\/\/elinformante.mx\/index.php?rest_route=\/wp\/v2\/posts\/35585","targetHints":{"allow":["GET"]}}],"collection":[{"href":"https:\/\/elinformante.mx\/index.php?rest_route=\/wp\/v2\/posts"}],"about":[{"href":"https:\/\/elinformante.mx\/index.php?rest_route=\/wp\/v2\/types\/post"}],"author":[{"embeddable":true,"href":"https:\/\/elinformante.mx\/index.php?rest_route=\/wp\/v2\/users\/1"}],"replies":[{"embeddable":true,"href":"https:\/\/elinformante.mx\/index.php?rest_route=%2Fwp%2Fv2%2Fcomments&post=35585"}],"version-history":[{"count":0,"href":"https:\/\/elinformante.mx\/index.php?rest_route=\/wp\/v2\/posts\/35585\/revisions"}],"wp:featuredmedia":[{"embeddable":true,"href":"https:\/\/elinformante.mx\/index.php?rest_route=\/wp\/v2\/media\/35586"}],"wp:attachment":[{"href":"https:\/\/elinformante.mx\/index.php?rest_route=%2Fwp%2Fv2%2Fmedia&parent=35585"}],"wp:term":[{"taxonomy":"category","embeddable":true,"href":"https:\/\/elinformante.mx\/index.php?rest_route=%2Fwp%2Fv2%2Fcategories&post=35585"},{"taxonomy":"post_tag","embeddable":true,"href":"https:\/\/elinformante.mx\/index.php?rest_route=%2Fwp%2Fv2%2Ftags&post=35585"}],"curies":[{"name":"wp","href":"https:\/\/api.w.org\/{rel}","templated":true}]}}