{"id":35726,"date":"2023-09-11T12:50:55","date_gmt":"2023-09-11T12:50:55","guid":{"rendered":"https:\/\/elinformante.mx\/?p=35726"},"modified":"2023-09-11T12:50:56","modified_gmt":"2023-09-11T12:50:56","slug":"mexico-es-campeon-del-mundo-de-futbol-7-varonil-y-femenil","status":"publish","type":"post","link":"https:\/\/elinformante.mx\/?p=35726","title":{"rendered":"M\u00e9xico es Campe\u00f3n del Mundo de Futbol 7 varonil y femenil"},"content":{"rendered":"\n<blockquote class=\"wp-block-quote is-layout-flow wp-block-quote-is-layout-flow\">\n<p>Ambos representativos mexicanos se enfrentaron en la Final a Brasil y fueron m\u00e1s contundentes.<\/p>\n<\/blockquote>\n\n\n\n<p>Los representativos de M\u00e9xico tanto en la rama femenil como varonil de Futbol 7, se proclamaron Campeones del Mundo en la justa de la especialidad que se celebr\u00f3 en Puebla y que vivi\u00f3 este domingo las finales del torneo.<br><\/p>\n\n\n\n<p>Es la primera vez que ambos representativos logran quedarse con la copa desde que se disputa este Mundial que es avalado por la FIFA, por lo que es un logro muy importante para los equipo mexicanos.<br><\/p>\n\n\n\n<p>El equipo mexicano se enfrent\u00f3 en la Final al representativo de Brasil, donde en el duelo termin\u00f3 igualado (0-0), por lo que tuvieron que recurrir a los penaltis, donde M\u00e9xico fue m\u00e1s certero y se qued\u00f3 con el triunfo.<br><\/p>\n\n\n\n<figure class=\"wp-block-image size-large\"><img fetchpriority=\"high\" decoding=\"async\" width=\"1024\" height=\"503\" src=\"https:\/\/elinformante.mx\/wp-content\/uploads\/2023\/09\/Mexico-es-campeon-2-1024x503.jpg\" alt=\"\" class=\"wp-image-35728\" srcset=\"https:\/\/elinformante.mx\/wp-content\/uploads\/2023\/09\/Mexico-es-campeon-2-1024x503.jpg 1024w, https:\/\/elinformante.mx\/wp-content\/uploads\/2023\/09\/Mexico-es-campeon-2-300x147.jpg 300w, https:\/\/elinformante.mx\/wp-content\/uploads\/2023\/09\/Mexico-es-campeon-2-768x377.jpg 768w, https:\/\/elinformante.mx\/wp-content\/uploads\/2023\/09\/Mexico-es-campeon-2-580x285.jpg 580w, https:\/\/elinformante.mx\/wp-content\/uploads\/2023\/09\/Mexico-es-campeon-2-860x422.jpg 860w, https:\/\/elinformante.mx\/wp-content\/uploads\/2023\/09\/Mexico-es-campeon-2.jpg 1140w\" sizes=\"(max-width: 1024px) 100vw, 1024px\" \/><\/figure>\n\n\n\n<p>Con ello celebraron a lo grande el campeonato obtenido en suelo poblano ante los aficionados; cabe mencionar que previamente M\u00e9xico hab\u00eda vencido a Rusia en la semifinales (2-0).<br><\/p>\n\n\n\n<p>El equipo femenil lleg\u00f3 a la Final con un contundente marcador de 10-1 ante Chile, por lo que la moral estaba por los cielos cuando se enfrentaron tambi\u00e9n al representativo de Brasil.<br><\/p>\n\n\n\n<p>A las jugadoras mexicanas les bast\u00f3 el tiempo regular para llevarse el triunfo, ya que se impusieron con un 3-1 a la brasile\u00f1as para levantar la Copa en todo lo alto.<\/p>\n","protected":false},"excerpt":{"rendered":"<p>Ambos representativos mexicanos se enfrentaron en la Final a Brasil y fueron m\u00e1s contundentes. Los representativos de M\u00e9xico tanto en la rama femenil como varonil de Futbol 7, se proclamaron Campeones del Mundo en la justa de la especialidad que se celebr\u00f3 en Puebla y que vivi\u00f3 este domingo las finales del torneo. Es la [&hellip;]<\/p>\n","protected":false},"author":1,"featured_media":35727,"comment_status":"closed","ping_status":"closed","sticky":false,"template":"","format":"standard","meta":{"footnotes":""},"categories":[38],"tags":[],"class_list":["post-35726","post","type-post","status-publish","format-standard","has-post-thumbnail","hentry","category-deportes"],"_links":{"self":[{"href":"https:\/\/elinformante.mx\/index.php?rest_route=\/wp\/v2\/posts\/35726","targetHints":{"allow":["GET"]}}],"collection":[{"href":"https:\/\/elinformante.mx\/index.php?rest_route=\/wp\/v2\/posts"}],"about":[{"href":"https:\/\/elinformante.mx\/index.php?rest_route=\/wp\/v2\/types\/post"}],"author":[{"embeddable":true,"href":"https:\/\/elinformante.mx\/index.php?rest_route=\/wp\/v2\/users\/1"}],"replies":[{"embeddable":true,"href":"https:\/\/elinformante.mx\/index.php?rest_route=%2Fwp%2Fv2%2Fcomments&post=35726"}],"version-history":[{"count":0,"href":"https:\/\/elinformante.mx\/index.php?rest_route=\/wp\/v2\/posts\/35726\/revisions"}],"wp:featuredmedia":[{"embeddable":true,"href":"https:\/\/elinformante.mx\/index.php?rest_route=\/wp\/v2\/media\/35727"}],"wp:attachment":[{"href":"https:\/\/elinformante.mx\/index.php?rest_route=%2Fwp%2Fv2%2Fmedia&parent=35726"}],"wp:term":[{"taxonomy":"category","embeddable":true,"href":"https:\/\/elinformante.mx\/index.php?rest_route=%2Fwp%2Fv2%2Fcategories&post=35726"},{"taxonomy":"post_tag","embeddable":true,"href":"https:\/\/elinformante.mx\/index.php?rest_route=%2Fwp%2Fv2%2Ftags&post=35726"}],"curies":[{"name":"wp","href":"https:\/\/api.w.org\/{rel}","templated":true}]}}