{"id":35784,"date":"2023-09-11T13:24:16","date_gmt":"2023-09-11T13:24:16","guid":{"rendered":"https:\/\/elinformante.mx\/?p=35784"},"modified":"2023-09-11T13:24:17","modified_gmt":"2023-09-11T13:24:17","slug":"se-reune-pablo-vazquez-con-mandos-de-la-ssc-cdmx-para-la-continuidad-en-la-estrategia-de-seguridad","status":"publish","type":"post","link":"https:\/\/elinformante.mx\/?p=35784","title":{"rendered":"Se re\u00fane Pablo V\u00e1zquez con mandos de la SSC-CDMX para la continuidad en la estrategia de seguridad"},"content":{"rendered":"\n<blockquote class=\"wp-block-quote is-layout-flow wp-block-quote-is-layout-flow\">\n<p>Para expertos consultados, la continuidad de la pol\u00edtica de combate a la delincuencia y no bajar la guardia ante los grupos criminales son los principales retos del nuevo titular de la SSC-CDMX.<\/p>\n<\/blockquote>\n\n\n\n<p>Pablo V\u00e1zquez Camacho, encargado del despacho de la Secretaria de Seguridad Ciudadana (SSC-CDMX), quien asumiera el cargo de la corporaci\u00f3n policiaca luego que Omar Garc\u00eda Harfuch renunciara para trabajar en la campa\u00f1a de Claudia Sheinbaum con miras a la presidencia del pa\u00eds, anunci\u00f3 que la tarde del domingo se reuni\u00f3 con los comandantes, encargados de \u00e1rea, departamentos y subsecretarios, para darles a conocer los lineamientos con los que se desempe\u00f1ar\u00e1 la dependencia.<br><\/p>\n\n\n\n<figure class=\"wp-block-image size-large\"><img fetchpriority=\"high\" decoding=\"async\" width=\"1024\" height=\"503\" src=\"https:\/\/elinformante.mx\/wp-content\/uploads\/2023\/09\/se-reune-2-1-1024x503.jpg\" alt=\"\" class=\"wp-image-35786\" srcset=\"https:\/\/elinformante.mx\/wp-content\/uploads\/2023\/09\/se-reune-2-1-1024x503.jpg 1024w, https:\/\/elinformante.mx\/wp-content\/uploads\/2023\/09\/se-reune-2-1-300x147.jpg 300w, https:\/\/elinformante.mx\/wp-content\/uploads\/2023\/09\/se-reune-2-1-768x377.jpg 768w, https:\/\/elinformante.mx\/wp-content\/uploads\/2023\/09\/se-reune-2-1-580x285.jpg 580w, https:\/\/elinformante.mx\/wp-content\/uploads\/2023\/09\/se-reune-2-1-860x422.jpg 860w, https:\/\/elinformante.mx\/wp-content\/uploads\/2023\/09\/se-reune-2-1.jpg 1140w\" sizes=\"(max-width: 1024px) 100vw, 1024px\" \/><\/figure>\n\n\n\n<p>\u201cHoy, me reun\u00ed con los mandos operativos de la Subsecretar\u00eda de Operaci\u00f3n Policial de la @SSC_CDMX para dar continuidad a los cuatro ejes de la estrategia de Seguridad y Construcci\u00f3n de Paz de la #CDMX. Agradezco su entrega y compromiso\u201d, poste\u00f3 el actual secretario de seguridad ciudadana en sus redes sociales.<br><\/p>\n\n\n\n<p>En este sentido, se dio a conocer que el di\u00e1logo con los otros jefes policiacos fue breve, sin embargo, se dej\u00f3 en claro que \u201cla l\u00ednea\u201d continuar\u00e1 durante lo que resta de la administraci\u00f3n, tal y como la dej\u00f3 Garc\u00eda Harfuch.<\/p>\n","protected":false},"excerpt":{"rendered":"<p>Para expertos consultados, la continuidad de la pol\u00edtica de combate a la delincuencia y no bajar la guardia ante los grupos criminales son los principales retos del nuevo titular de la SSC-CDMX. Pablo V\u00e1zquez Camacho, encargado del despacho de la Secretaria de Seguridad Ciudadana (SSC-CDMX), quien asumiera el cargo de la corporaci\u00f3n policiaca luego que [&hellip;]<\/p>\n","protected":false},"author":1,"featured_media":35785,"comment_status":"closed","ping_status":"closed","sticky":false,"template":"","format":"standard","meta":{"footnotes":""},"categories":[35],"tags":[],"class_list":["post-35784","post","type-post","status-publish","format-standard","has-post-thumbnail","hentry","category-cdmx"],"_links":{"self":[{"href":"https:\/\/elinformante.mx\/index.php?rest_route=\/wp\/v2\/posts\/35784","targetHints":{"allow":["GET"]}}],"collection":[{"href":"https:\/\/elinformante.mx\/index.php?rest_route=\/wp\/v2\/posts"}],"about":[{"href":"https:\/\/elinformante.mx\/index.php?rest_route=\/wp\/v2\/types\/post"}],"author":[{"embeddable":true,"href":"https:\/\/elinformante.mx\/index.php?rest_route=\/wp\/v2\/users\/1"}],"replies":[{"embeddable":true,"href":"https:\/\/elinformante.mx\/index.php?rest_route=%2Fwp%2Fv2%2Fcomments&post=35784"}],"version-history":[{"count":0,"href":"https:\/\/elinformante.mx\/index.php?rest_route=\/wp\/v2\/posts\/35784\/revisions"}],"wp:featuredmedia":[{"embeddable":true,"href":"https:\/\/elinformante.mx\/index.php?rest_route=\/wp\/v2\/media\/35785"}],"wp:attachment":[{"href":"https:\/\/elinformante.mx\/index.php?rest_route=%2Fwp%2Fv2%2Fmedia&parent=35784"}],"wp:term":[{"taxonomy":"category","embeddable":true,"href":"https:\/\/elinformante.mx\/index.php?rest_route=%2Fwp%2Fv2%2Fcategories&post=35784"},{"taxonomy":"post_tag","embeddable":true,"href":"https:\/\/elinformante.mx\/index.php?rest_route=%2Fwp%2Fv2%2Ftags&post=35784"}],"curies":[{"name":"wp","href":"https:\/\/api.w.org\/{rel}","templated":true}]}}