{"id":35966,"date":"2023-09-13T13:35:30","date_gmt":"2023-09-13T13:35:30","guid":{"rendered":"https:\/\/elinformante.mx\/?p=35966"},"modified":"2023-09-13T13:35:31","modified_gmt":"2023-09-13T13:35:31","slug":"aerosmith-pospone-conciertos-tras-sufrir-steven-tyler-hemorragia-en-las-cuerdas-vocales","status":"publish","type":"post","link":"https:\/\/elinformante.mx\/?p=35966","title":{"rendered":"Aerosmith pospone conciertos tras sufrir Steven Tyler hemorragia en las cuerdas vocales"},"content":{"rendered":"\n<blockquote class=\"wp-block-quote is-layout-flow wp-block-quote-is-layout-flow\">\n<p>Esta no es la primera vez que padece de un problema en la garganta, pues en 2006 se someti\u00f3 a una cirug\u00eda para corregir un vaso sangu\u00edneo por medio de un l\u00e1ser.<\/p>\n<\/blockquote>\n\n\n\n<p>La agrupaci\u00f3n Aerosmith se encuentra ofreciendo conciertos como parte de su gira de despedida, pero seis de ellos fueron reprogramados luego de que el cantante Steven Tyler sufriera da\u00f1os en sus cuerdas vocales.<br><\/p>\n\n\n\n<p>En un comunicado en redes sociales dieron a conocer las nuevas fechas en Detroit, Chicago, Washington, Toronto, Carolina del Norte y Cleveland, que ser\u00e1n entre enero y febrero de 2024. El \u2018Peace Out: The Farewell Tour\u2019 comenz\u00f3 el 2 de septiembre en el Wells Fargo Center de Filadelfia, por lo que la noticia llega luego de solamente 3 fechas.<br><\/p>\n\n\n\n<p>\u201cSe me rompe el coraz\u00f3n al decir que he recibido \u00f3rdenes estrictas del m\u00e9dico de no cantar durante los pr\u00f3ximos treinta d\u00edas\u201d, escribieron sobre la salud de Tyler, de 75 a\u00f1os.<br><\/p>\n\n\n\n<p>\u201cSufr\u00ed da\u00f1os en las cuerdas vocales durante el show del s\u00e1bado que me provocaron una hemorragia posterior. Tendremos que posponer algunas fechas para poder regresar y brindarles la actuaci\u00f3n que se merecen\u201d, a\u00f1adi\u00f3.<br><\/p>\n\n\n\n<p>Esta no es la primera vez que padece de un problema en la garganta, pues en 2006 se someti\u00f3 a una cirug\u00eda para corregir un vaso sangu\u00edneo por medio de un l\u00e1ser.<br><\/p>\n\n\n\n<p>A mediados de 2022 tambi\u00e9n suspendieron su residencia en Las Vegas luego de que el int\u00e9rprete de \u2018Dream on\u2019 ingresara voluntariamente a un programa para tratar una adicci\u00f3n.<br><\/p>\n\n\n\n<p>\u201cDespu\u00e9s de una cirug\u00eda de pie para prepararse para el escenario y la necesidad de controlar el dolor durante el proceso, recientemente recay\u00f3 y entr\u00f3 voluntariamente en un programa de tratamiento para concentrarse en su salud y recuperaci\u00f3n\u201d, explicaron entonces v\u00eda People.<br><\/p>\n\n\n\n<p>Despu\u00e9s fue el propio Tyler quien asegur\u00f3 que tampoco podr\u00eda tocar en diciembre por recomendaci\u00f3n de los especialistas que le aconsejaron tomarse tiempo para descansar. Estas 40 fechas en Estados Unidos marcan su celebraci\u00f3n de su 50 aniversario.<\/p>\n","protected":false},"excerpt":{"rendered":"<p>Esta no es la primera vez que padece de un problema en la garganta, pues en 2006 se someti\u00f3 a una cirug\u00eda para corregir un vaso sangu\u00edneo por medio de un l\u00e1ser. La agrupaci\u00f3n Aerosmith se encuentra ofreciendo conciertos como parte de su gira de despedida, pero seis de ellos fueron reprogramados luego de que [&hellip;]<\/p>\n","protected":false},"author":1,"featured_media":35967,"comment_status":"closed","ping_status":"closed","sticky":false,"template":"","format":"standard","meta":{"footnotes":""},"categories":[30,39],"tags":[],"class_list":["post-35966","post","type-post","status-publish","format-standard","has-post-thumbnail","hentry","category-destacado","category-espectaculos"],"_links":{"self":[{"href":"https:\/\/elinformante.mx\/index.php?rest_route=\/wp\/v2\/posts\/35966","targetHints":{"allow":["GET"]}}],"collection":[{"href":"https:\/\/elinformante.mx\/index.php?rest_route=\/wp\/v2\/posts"}],"about":[{"href":"https:\/\/elinformante.mx\/index.php?rest_route=\/wp\/v2\/types\/post"}],"author":[{"embeddable":true,"href":"https:\/\/elinformante.mx\/index.php?rest_route=\/wp\/v2\/users\/1"}],"replies":[{"embeddable":true,"href":"https:\/\/elinformante.mx\/index.php?rest_route=%2Fwp%2Fv2%2Fcomments&post=35966"}],"version-history":[{"count":0,"href":"https:\/\/elinformante.mx\/index.php?rest_route=\/wp\/v2\/posts\/35966\/revisions"}],"wp:featuredmedia":[{"embeddable":true,"href":"https:\/\/elinformante.mx\/index.php?rest_route=\/wp\/v2\/media\/35967"}],"wp:attachment":[{"href":"https:\/\/elinformante.mx\/index.php?rest_route=%2Fwp%2Fv2%2Fmedia&parent=35966"}],"wp:term":[{"taxonomy":"category","embeddable":true,"href":"https:\/\/elinformante.mx\/index.php?rest_route=%2Fwp%2Fv2%2Fcategories&post=35966"},{"taxonomy":"post_tag","embeddable":true,"href":"https:\/\/elinformante.mx\/index.php?rest_route=%2Fwp%2Fv2%2Ftags&post=35966"}],"curies":[{"name":"wp","href":"https:\/\/api.w.org\/{rel}","templated":true}]}}