{"id":35987,"date":"2023-09-13T13:47:18","date_gmt":"2023-09-13T13:47:18","guid":{"rendered":"https:\/\/elinformante.mx\/?p=35987"},"modified":"2023-09-13T13:47:19","modified_gmt":"2023-09-13T13:47:19","slug":"ss-inaugura-funciones-de-la-torre-de-vigilancia-movil-y-pone-en-marcha-juzgado-en-atlacomulco","status":"publish","type":"post","link":"https:\/\/elinformante.mx\/?p=35987","title":{"rendered":"SS inaugura funciones de la torre de vigilancia m\u00f3vil y pone en marcha juzgado en Atlacomulco"},"content":{"rendered":"\n<blockquote class=\"wp-block-quote is-layout-flow wp-block-quote-is-layout-flow\">\n<p>El titular de la SS, Mtro. Rodrigo Mart\u00ednez-Celis Wogau, dijo que con estos esfuerzos se busca tener una mejor y robusta infraestructura, que brinde soluciones a conflictos comunitarios o entre particulares, a trav\u00e9s de procedimientos de audiencia, en tanto, la torre de seguridad brinda libertad a \u00e1reas t\u00e1ctico-operativas ante cualquier contingencia.<\/p>\n<\/blockquote>\n\n\n\n<p>Con el objetivo de fortalecer la vigilancia, adem\u00e1s de tener una respuesta r\u00e1pida en lugares de riesgo, cuidado y protecci\u00f3n de la poblaci\u00f3n, la Secretar\u00eda de Seguridad (SS) y autoridades municipales inauguraron el inicio de funciones de la torre de vigilancia m\u00f3vil en la plaza c\u00edvica municipal; aunado a esto, pusieron en marcha el Juzgado C\u00edvico, donde se solucionar\u00e1n conflictos comunitarios o entre particulares, a trav\u00e9s de procedimientos de audiencia.<br><\/p>\n\n\n\n<p>En la plaza c\u00edvica del municipio de Atlacomulco, el titular de la SS, Mtro. Rodrigo Mart\u00ednez-Celis Wogau refiri\u00f3 que durante la administraci\u00f3n se ha trabajado de manera coordinada con los tres niveles de gobierno, lo que ha permitido disminuir los \u00edndices delictivos en el territorio estatal. A\u00f1adi\u00f3 que las herramientas tecnol\u00f3gicas con las que cuenta el Centro de Control, Comando, Comunicaci\u00f3n, C\u00f3mputo y Calidad (C5) de la SS, han permitido brindar mejor servicios de seguridad a la ciudadan\u00eda mexiquense, como lo har\u00e1 la torre de vigilancia que se pone en operaci\u00f3n.<br><\/p>\n\n\n\n<p>Por otro lado refiri\u00f3 que el Juzgado C\u00edvico ayudar\u00e1 a que los delitos de bajo impacto se vean solucionados sin escalar a una impartici\u00f3n de justicia mayor como lo es el Ministerio P\u00fablico, adem\u00e1s de buscar que el infractor de alguna manera repare el da\u00f1o ocasionado a la sociedad y siempre buscar\u00e1 beneficiar a la comunidad. Las instalaciones ubicadas en la Comisar\u00eda Municipal, cuentan con una Sala de Juicios equipada con cuatro c\u00e1maras de videovigilancia, dos pantallas que registrar\u00e1n el video durante 45 d\u00edas, adem\u00e1s de las instalaciones necesarias para contener a los infractores.<br><\/p>\n\n\n\n<figure class=\"wp-block-image size-large\"><img fetchpriority=\"high\" decoding=\"async\" width=\"1024\" height=\"503\" src=\"https:\/\/elinformante.mx\/wp-content\/uploads\/2023\/09\/SS-INAUGURA-3-1024x503.jpg\" alt=\"\" class=\"wp-image-35989\" srcset=\"https:\/\/elinformante.mx\/wp-content\/uploads\/2023\/09\/SS-INAUGURA-3-1024x503.jpg 1024w, https:\/\/elinformante.mx\/wp-content\/uploads\/2023\/09\/SS-INAUGURA-3-300x147.jpg 300w, https:\/\/elinformante.mx\/wp-content\/uploads\/2023\/09\/SS-INAUGURA-3-768x377.jpg 768w, https:\/\/elinformante.mx\/wp-content\/uploads\/2023\/09\/SS-INAUGURA-3-580x285.jpg 580w, https:\/\/elinformante.mx\/wp-content\/uploads\/2023\/09\/SS-INAUGURA-3-860x422.jpg 860w, https:\/\/elinformante.mx\/wp-content\/uploads\/2023\/09\/SS-INAUGURA-3.jpg 1140w\" sizes=\"(max-width: 1024px) 100vw, 1024px\" \/><\/figure>\n\n\n\n<p>\u201cHemos recorrido un largo trayecto para ver materializado este visionario proyecto que seguro estoy nos ayudar\u00e1 a construir una sociedad m\u00e1s segura para todas y para todos, reconozco la incansable labor de los gobiernos municipales quienes desde la presentaci\u00f3n de este proyecto en el a\u00f1o 2019 mostraron inter\u00e9s y disposici\u00f3n por incorporar a sus municipios a esta nueva forma de construir la paz desde lo local, nos han permitido consolidar un modelo de Justicia C\u00edvica, mismo que se ha visto fortalecido por la intervenci\u00f3n de expertos y el apoyo de la Agencia de los Estados Unidos para el Desarrollo Internacional, con quienes hemos integrado un grupo multidisciplinario para brindar acompa\u00f1amiento a todos los municipios\u201d.<br><\/p>\n\n\n\n<p>A\u00f1adi\u00f3, que en agosto de este a\u00f1o, se publicaron en la Gaceta de Gobierno los protocolos de actuaci\u00f3n policial, la operaci\u00f3n de la Justicia C\u00edvica e itinerante, el proceso de tamizaje para adolescentes y adultos, el seguimiento de canalizaciones de personas infractoras a medidas alternativas en las oficial\u00edas calificadoras; tambi\u00e9n reconoci\u00f3 la labor coordinada con el Secretariado Ejecutivo de Seguridad p\u00fablica federal y estatal, as\u00ed como a la Fiscal\u00eda General de Justicia del Estado de M\u00e9xico (FGJEM) y al Poder Judicial del Estado de a M\u00e9xico (PJEM).<br><\/p>\n\n\n\n<p>Al emitir su mensaje, la presidenta municipal de Atlacomulco, Lic. Marisol Arias Flores explic\u00f3 que los esfuerzos que realiza su administraci\u00f3n siempre son en beneficio de la comunidad, con el apoyo del Gobierno del Estado. Indic\u00f3 que la torre de vigilancia ser\u00e1 de mucha ayuda ya que cuenta con tecnolog\u00eda de \u00faltima generaci\u00f3n.<br><\/p>\n\n\n\n<p>\u201cLa seguridad se construye de abajo hacia arriba, no se pueden tomar decisiones desde la c\u00fapula, cuando no se sabe exactamente qu\u00e9 es lo que est\u00e1 pasando abajo. La Polic\u00eda Estatal y la Polic\u00eda Municipal somos uno, cuando hay algunas necesidades asistimos los dos, como uno que somos, porque lo fundamental es dar el servicio y apoyar a la ciudadan\u00eda\u201d.<br><\/p>\n\n\n\n<figure class=\"wp-block-image size-large\"><img decoding=\"async\" width=\"1024\" height=\"503\" src=\"https:\/\/elinformante.mx\/wp-content\/uploads\/2023\/09\/ss-inaugura-1024x503.jpg\" alt=\"\" class=\"wp-image-35990\" srcset=\"https:\/\/elinformante.mx\/wp-content\/uploads\/2023\/09\/ss-inaugura-1024x503.jpg 1024w, https:\/\/elinformante.mx\/wp-content\/uploads\/2023\/09\/ss-inaugura-300x147.jpg 300w, https:\/\/elinformante.mx\/wp-content\/uploads\/2023\/09\/ss-inaugura-768x377.jpg 768w, https:\/\/elinformante.mx\/wp-content\/uploads\/2023\/09\/ss-inaugura-580x285.jpg 580w, https:\/\/elinformante.mx\/wp-content\/uploads\/2023\/09\/ss-inaugura-860x422.jpg 860w, https:\/\/elinformante.mx\/wp-content\/uploads\/2023\/09\/ss-inaugura.jpg 1140w\" sizes=\"(max-width: 1024px) 100vw, 1024px\" \/><\/figure>\n\n\n\n<p>El Juzgado C\u00edvico llevar\u00e1 a cabo audiencias p\u00fablicas a infractores por cometer faltas administrativas; as\u00ed como solucionar conflictos comunitarios o entre particulares, a trav\u00e9s de procedimientos de audiencia y cuenta con el personal jur\u00eddico adecuado, como lo es el Oficial Calificador o Juez C\u00edvico; Secretario de Acuerdos, Psic\u00f3logo y M\u00e9dico Legista. Dicho espacio se localiza al interior de la Direcci\u00f3n de Seguridad de P\u00fablica de Atlacomulco.<br><\/p>\n\n\n\n<p>Al dar la exposici\u00f3n de motivos el Mtro. Justo Mendoza C\u00e1rdenas, Comisario Municipal de Atlacomulco dijo que la torre de vigilancia m\u00f3vil se desplegar\u00e1 en lugares donde se requiera una mayor vigilancia y atenci\u00f3n por parte de las autoridades, en atenci\u00f3n a los llamados de la poblaci\u00f3n de manera eficiente. Tambi\u00e9n permite un r\u00e1pido despliegue en cualquier tipo de terreno o superficie ya sea rural o urbano, ideal para vigilancia en eventos masivos, ferias, puntos de inspecci\u00f3n carreteros, retenes carreteros, entre otros.<br><\/p>\n\n\n\n<p>La Secretar\u00eda de Seguridad le recuerda que los tel\u00e9fonos 089 Denuncia An\u00f3nima y 9-1-1 N\u00famero de Emergencias trabajan las 24 horas del d\u00eda. Puede contactarnos a trav\u00e9s de las redes sociales: Facebook @SS.Edomex, y en Twitter @SS_Edomex.<\/p>\n","protected":false},"excerpt":{"rendered":"<p>El titular de la SS, Mtro. Rodrigo Mart\u00ednez-Celis Wogau, dijo que con estos esfuerzos se busca tener una mejor y robusta infraestructura, que brinde soluciones a conflictos comunitarios o entre particulares, a trav\u00e9s de procedimientos de audiencia, en tanto, la torre de seguridad brinda libertad a \u00e1reas t\u00e1ctico-operativas ante cualquier contingencia. Con el objetivo de [&hellip;]<\/p>\n","protected":false},"author":1,"featured_media":35988,"comment_status":"closed","ping_status":"closed","sticky":false,"template":"","format":"standard","meta":{"footnotes":""},"categories":[30,36],"tags":[],"class_list":["post-35987","post","type-post","status-publish","format-standard","has-post-thumbnail","hentry","category-destacado","category-edomex"],"_links":{"self":[{"href":"https:\/\/elinformante.mx\/index.php?rest_route=\/wp\/v2\/posts\/35987","targetHints":{"allow":["GET"]}}],"collection":[{"href":"https:\/\/elinformante.mx\/index.php?rest_route=\/wp\/v2\/posts"}],"about":[{"href":"https:\/\/elinformante.mx\/index.php?rest_route=\/wp\/v2\/types\/post"}],"author":[{"embeddable":true,"href":"https:\/\/elinformante.mx\/index.php?rest_route=\/wp\/v2\/users\/1"}],"replies":[{"embeddable":true,"href":"https:\/\/elinformante.mx\/index.php?rest_route=%2Fwp%2Fv2%2Fcomments&post=35987"}],"version-history":[{"count":0,"href":"https:\/\/elinformante.mx\/index.php?rest_route=\/wp\/v2\/posts\/35987\/revisions"}],"wp:featuredmedia":[{"embeddable":true,"href":"https:\/\/elinformante.mx\/index.php?rest_route=\/wp\/v2\/media\/35988"}],"wp:attachment":[{"href":"https:\/\/elinformante.mx\/index.php?rest_route=%2Fwp%2Fv2%2Fmedia&parent=35987"}],"wp:term":[{"taxonomy":"category","embeddable":true,"href":"https:\/\/elinformante.mx\/index.php?rest_route=%2Fwp%2Fv2%2Fcategories&post=35987"},{"taxonomy":"post_tag","embeddable":true,"href":"https:\/\/elinformante.mx\/index.php?rest_route=%2Fwp%2Fv2%2Ftags&post=35987"}],"curies":[{"name":"wp","href":"https:\/\/api.w.org\/{rel}","templated":true}]}}