{"id":35992,"date":"2023-09-13T13:51:49","date_gmt":"2023-09-13T13:51:49","guid":{"rendered":"https:\/\/elinformante.mx\/?p=35992"},"modified":"2023-09-13T14:43:38","modified_gmt":"2023-09-13T14:43:38","slug":"pjedomx-primer-tribunal-en-colaborar-con-comision-de-busqueda-de-personas","status":"publish","type":"post","link":"https:\/\/elinformante.mx\/?p=35992","title":{"rendered":"PJEdomex: primer tribunal en colaborar con Comisi\u00f3n de B\u00fasqueda de Personas"},"content":{"rendered":"\n<blockquote class=\"wp-block-quote is-layout-flow wp-block-quote-is-layout-flow\">\n<p>Es el primer convenio en su tipo a nivel nacional, mismo que busca dar cumplimiento al Programa Estrat\u00e9gico Estatal para la Atenci\u00f3n de la Alerta de Violencia de G\u00e9nero por Desaparici\u00f3n de Ni\u00f1as, Adolescentes y Mujeres 2023, del cual el PJEdomex es parte.<\/p>\n<\/blockquote>\n\n\n\n<p>El Poder Judicial del Estado de M\u00e9xico y la Comisi\u00f3n de B\u00fasqueda de Personas estatal COBUPEM, firmaron convenio para establecer bases de colaboraci\u00f3n y apoyo a fin de dise\u00f1ar y ejecutar un programa de capacitaci\u00f3n permanente que permita fortalecer los conocimientos y habilidades de servidoras y servidores judiciales, en materia de b\u00fasqueda y localizaci\u00f3n de mujeres, adolescentes y ni\u00f1as desaparecidas.<br><\/p>\n\n\n\n<p>Es el primer convenio en su tipo a nivel nacional, mismo que busca dar cumplimiento al Programa Estrat\u00e9gico Estatal para la Atenci\u00f3n de la Alerta de Violencia de G\u00e9nero por Desaparici\u00f3n de Ni\u00f1as, Adolescentes y Mujeres 2023, del cual el PJEdomex es parte.<br><\/p>\n\n\n\n<p>En el Sal\u00f3n de Plenos Alterno, Ra\u00fal Romero Ortega, Consejero de la Judicatura, coment\u00f3 que no se busca la presunci\u00f3n de muerte, sino el reconocimiento jur\u00eddico de las personas desaparecidas y de sus familias; de ah\u00ed la importancia de emprender acciones en la materia.<br><\/p>\n\n\n\n<p>Se trata de preservar los derechos de patria potestad, de guarda y custodia, entre otros. La sociedad y el Estado debemos responder ante esta situaci\u00f3n y no debe atemorizarnos?, a\u00f1adi\u00f3.<br><\/p>\n\n\n\n<p>Romero Ortega record\u00f3 que el Poder Judicial mexiquense llev\u00f3 a cabo procesos de capacitaci\u00f3n, mediante pl\u00e1ticas y talleres, abordando temas como sensibilizaci\u00f3n sobre la desaparici\u00f3n de personas, instrumentos internacionales, comisiones de b\u00fasqueda, entre otros.<br><\/p>\n\n\n\n<figure class=\"wp-block-image size-large\"><img fetchpriority=\"high\" decoding=\"async\" width=\"1024\" height=\"503\" src=\"https:\/\/elinformante.mx\/wp-content\/uploads\/2023\/09\/pjedomex-2-1-1024x503.jpg\" alt=\"\" class=\"wp-image-36058\" srcset=\"https:\/\/elinformante.mx\/wp-content\/uploads\/2023\/09\/pjedomex-2-1-1024x503.jpg 1024w, https:\/\/elinformante.mx\/wp-content\/uploads\/2023\/09\/pjedomex-2-1-300x147.jpg 300w, https:\/\/elinformante.mx\/wp-content\/uploads\/2023\/09\/pjedomex-2-1-768x377.jpg 768w, https:\/\/elinformante.mx\/wp-content\/uploads\/2023\/09\/pjedomex-2-1-580x285.jpg 580w, https:\/\/elinformante.mx\/wp-content\/uploads\/2023\/09\/pjedomex-2-1-860x422.jpg 860w, https:\/\/elinformante.mx\/wp-content\/uploads\/2023\/09\/pjedomex-2-1.jpg 1140w\" sizes=\"(max-width: 1024px) 100vw, 1024px\" \/><\/figure>\n\n\n\n<p>Tras suscribir el documento -firmado previamente por el Magistrado Presidente, Ricardo Sodi Cuellar- la Titular de la COBUPEM, Mar\u00eda Sol Berenice Salgado Ambros, subray\u00f3 el deber de las autoridades y la sociedad de actuar de manera conjunta ante este flagelo que en nuestro pa\u00eds ha acumulado m\u00e1s de 112 mil personas desaparecidas y no localizadas, de acuerdo al registro nacional, m\u00e1s del 10 por ciento corresponde al Edomex.<br><\/p>\n\n\n\n<p>El desconocimiento de la suerte o paradero de las personas implica la imperiosa necesidad y el deber de profundizar, no solo para dar justicia a las v\u00edctimas y paz a las familias, sino a una sociedad que se encuentra incompleta cuando no sabemos d\u00f3nde est\u00e1 alguna de sus ciudadanas o ciudadanos?, agreg\u00f3.<br><\/p>\n\n\n\n<p>Para retratar la realidad del tema en nuestro pa\u00eds, Luz Mar\u00eda Lemus Campuzano, Titular de la Unidad de Igualdad y Derechos Humanos del PJEdomex, present\u00f3 el cortometraje &#8220;Los lamentos&#8221; de Leonardo Cassiel Hern\u00e1ndez, guionista y director de esta producci\u00f3n de Artenema.<br><\/p>\n\n\n\n<p>Lemus Campuzano explic\u00f3 que el filme, que ha sido galardonado con seis laureles en diversos festivales de cine, retrata la problem\u00e1tica de la desaparici\u00f3n de las mujeres en M\u00e9xico y particularmente en la entidad, en donde el terror no viene de las sombras ni de la noche, sino del dolor de la ausencia de seres amados y a partir de la figura de La Llorona, representa a los padres y familiares buscadores.<br><\/p>\n\n\n\n<p>Asistieron tambi\u00e9n Carolina Alanis Moreno, Comisionada Ejecutiva Estatal de Atenci\u00f3n a V\u00edctimas del Estado de M\u00e9xico y Carlos Manuel Garnica Encarnaci\u00f3n, Director Jur\u00eddico y de Igualdad de G\u00e9nero de la COBUPEM.<\/p>\n","protected":false},"excerpt":{"rendered":"<p>Es el primer convenio en su tipo a nivel nacional, mismo que busca dar cumplimiento al Programa Estrat\u00e9gico Estatal para la Atenci\u00f3n de la Alerta de Violencia de G\u00e9nero por Desaparici\u00f3n de Ni\u00f1as, Adolescentes y Mujeres 2023, del cual el PJEdomex es parte. El Poder Judicial del Estado de M\u00e9xico y la Comisi\u00f3n de B\u00fasqueda [&hellip;]<\/p>\n","protected":false},"author":1,"featured_media":36057,"comment_status":"closed","ping_status":"closed","sticky":false,"template":"","format":"standard","meta":{"footnotes":""},"categories":[30,36],"tags":[],"class_list":["post-35992","post","type-post","status-publish","format-standard","has-post-thumbnail","hentry","category-destacado","category-edomex"],"_links":{"self":[{"href":"https:\/\/elinformante.mx\/index.php?rest_route=\/wp\/v2\/posts\/35992","targetHints":{"allow":["GET"]}}],"collection":[{"href":"https:\/\/elinformante.mx\/index.php?rest_route=\/wp\/v2\/posts"}],"about":[{"href":"https:\/\/elinformante.mx\/index.php?rest_route=\/wp\/v2\/types\/post"}],"author":[{"embeddable":true,"href":"https:\/\/elinformante.mx\/index.php?rest_route=\/wp\/v2\/users\/1"}],"replies":[{"embeddable":true,"href":"https:\/\/elinformante.mx\/index.php?rest_route=%2Fwp%2Fv2%2Fcomments&post=35992"}],"version-history":[{"count":0,"href":"https:\/\/elinformante.mx\/index.php?rest_route=\/wp\/v2\/posts\/35992\/revisions"}],"wp:featuredmedia":[{"embeddable":true,"href":"https:\/\/elinformante.mx\/index.php?rest_route=\/wp\/v2\/media\/36057"}],"wp:attachment":[{"href":"https:\/\/elinformante.mx\/index.php?rest_route=%2Fwp%2Fv2%2Fmedia&parent=35992"}],"wp:term":[{"taxonomy":"category","embeddable":true,"href":"https:\/\/elinformante.mx\/index.php?rest_route=%2Fwp%2Fv2%2Fcategories&post=35992"},{"taxonomy":"post_tag","embeddable":true,"href":"https:\/\/elinformante.mx\/index.php?rest_route=%2Fwp%2Fv2%2Ftags&post=35992"}],"curies":[{"name":"wp","href":"https:\/\/api.w.org\/{rel}","templated":true}]}}