{"id":36047,"date":"2023-09-13T14:33:48","date_gmt":"2023-09-13T14:33:48","guid":{"rendered":"https:\/\/elinformante.mx\/?p=36047"},"modified":"2023-09-13T14:33:49","modified_gmt":"2023-09-13T14:33:49","slug":"se-encuentra-grave-el-ciclista-belga-nathan-van-hooydonck-tras-sufrir-accidente-automovilistico","status":"publish","type":"post","link":"https:\/\/elinformante.mx\/?p=36047","title":{"rendered":"Se encuentra grave el ciclista belga Nathan Van Hooydonck tras sufrir accidente automovil\u00edstico"},"content":{"rendered":"\n<p>El ciclista belga Nathan Van Hooydonck (Jumbo-Visma) se encuentra en estado grave tras haber sufrido un accidente cuando conduc\u00eda un coche, inform\u00f3 hoy su equipo.<br><\/p>\n\n\n\n<p>\u201cFue trasladado al hospital, donde recibe atenci\u00f3n m\u00e9dica. No podemos confirmar los rumores sobre su estado cr\u00edtico\u201d, indic\u00f3 su equipo en la red social X (antes Twitter).<br><\/p>\n\n\n\n<p>El veh\u00edculo del ciclista, de 27 a\u00f1os, estuvo implicado en un accidente en el que se vieron afectados cinco autom\u00f3viles esta ma\u00f1ana hacia las 8.30 horas en la localidad de Kalmthout (norte).<br><\/p>\n\n\n\n<p>Seg\u00fan el diario Nieuwsblad, el ciclista sufri\u00f3 un desvanecimiento que le llev\u00f3 a mantener pisado el acelerador en un sem\u00e1foro.<br><\/p>\n\n\n\n<p>Van Hooydonck fue reanimado en el lugar de los hechos y trasladado al hospital, donde le acompa\u00f1a su esposa, que est\u00e1 embarazada e iba de pasajero en el veh\u00edculo pero no result\u00f3 herida.<\/p>\n","protected":false},"excerpt":{"rendered":"<p>El ciclista belga Nathan Van Hooydonck (Jumbo-Visma) se encuentra en estado grave tras haber sufrido un accidente cuando conduc\u00eda un coche, inform\u00f3 hoy su equipo. \u201cFue trasladado al hospital, donde recibe atenci\u00f3n m\u00e9dica. No podemos confirmar los rumores sobre su estado cr\u00edtico\u201d, indic\u00f3 su equipo en la red social X (antes Twitter). El veh\u00edculo del [&hellip;]<\/p>\n","protected":false},"author":1,"featured_media":36048,"comment_status":"closed","ping_status":"closed","sticky":false,"template":"","format":"standard","meta":{"footnotes":""},"categories":[38],"tags":[],"class_list":["post-36047","post","type-post","status-publish","format-standard","has-post-thumbnail","hentry","category-deportes"],"_links":{"self":[{"href":"https:\/\/elinformante.mx\/index.php?rest_route=\/wp\/v2\/posts\/36047","targetHints":{"allow":["GET"]}}],"collection":[{"href":"https:\/\/elinformante.mx\/index.php?rest_route=\/wp\/v2\/posts"}],"about":[{"href":"https:\/\/elinformante.mx\/index.php?rest_route=\/wp\/v2\/types\/post"}],"author":[{"embeddable":true,"href":"https:\/\/elinformante.mx\/index.php?rest_route=\/wp\/v2\/users\/1"}],"replies":[{"embeddable":true,"href":"https:\/\/elinformante.mx\/index.php?rest_route=%2Fwp%2Fv2%2Fcomments&post=36047"}],"version-history":[{"count":0,"href":"https:\/\/elinformante.mx\/index.php?rest_route=\/wp\/v2\/posts\/36047\/revisions"}],"wp:featuredmedia":[{"embeddable":true,"href":"https:\/\/elinformante.mx\/index.php?rest_route=\/wp\/v2\/media\/36048"}],"wp:attachment":[{"href":"https:\/\/elinformante.mx\/index.php?rest_route=%2Fwp%2Fv2%2Fmedia&parent=36047"}],"wp:term":[{"taxonomy":"category","embeddable":true,"href":"https:\/\/elinformante.mx\/index.php?rest_route=%2Fwp%2Fv2%2Fcategories&post=36047"},{"taxonomy":"post_tag","embeddable":true,"href":"https:\/\/elinformante.mx\/index.php?rest_route=%2Fwp%2Fv2%2Ftags&post=36047"}],"curies":[{"name":"wp","href":"https:\/\/api.w.org\/{rel}","templated":true}]}}