{"id":36050,"date":"2023-09-13T14:35:22","date_gmt":"2023-09-13T14:35:22","guid":{"rendered":"https:\/\/elinformante.mx\/?p=36050"},"modified":"2023-09-13T14:35:22","modified_gmt":"2023-09-13T14:35:22","slug":"enfrentamiento-en-el-aicm-dejo-a-dos-oficiales-heridos-y-un-detenido-ssc-cdmx","status":"publish","type":"post","link":"https:\/\/elinformante.mx\/?p=36050","title":{"rendered":"Enfrentamiento en el AICM dej\u00f3 a dos oficiales heridos y un detenido: SSC CDMX"},"content":{"rendered":"\n<blockquote class=\"wp-block-quote is-layout-flow wp-block-quote-is-layout-flow\">\n<p>El secretario de Seguridad Ciudadana de la Ciudad de M\u00e9xico, Pablo V\u00e1zquez Camacho, explic\u00f3 en un breve mensaje en sus redes sociales que el hombre detenido en las inmediaciones del AICM est\u00e1 relacionado con el robo de camiones de carga en la zona de aduanas.<\/p>\n<\/blockquote>\n\n\n\n<p>Elementos policiacos de la Ciudad de M\u00e9xico se enfrentaron la tarde de este martes con presuntos delincuentes a las afueras del Aeropuerto Internacional de la Ciudad de M\u00e9xico (AICM), lo cual dej\u00f3 como resultado dos oficiales heridos y un detenido, informaron autoridades locales.<br><\/p>\n\n\n\n<p>El AICM descart\u00f3 en un breve comunicado, difundido en la plataforma X, que los pasajeros estuvieran en peligro debido al incidente.<br><\/p>\n\n\n\n<p>Los supuestos delincuentes efectuaron disparos contra los efectivos afuera del AICM y uno de los agentes result\u00f3 herido de bala.<br><\/p>\n\n\n\n<p>El secretario de Seguridad Ciudadana de la Ciudad de M\u00e9xico, Pablo V\u00e1zquez Camacho, explic\u00f3 en un breve mensaje en sus redes sociales que el hombre detenido en las inmediaciones del AICM est\u00e1 presuntamente relacionado con el robo de camiones de carga en la zona de aduanas.<br><\/p>\n\n\n\n<p>El director del Aeropuerto Internacional de la Ciudad de M\u00e9xico, Carlos Vel\u00e1zquez, dijo a reporteros que la terminal a\u00e9rea operaba sin interrupciones.<br><\/p>\n\n\n\n<p>En redes sociales circularon v\u00eddeos que parec\u00edan mostrar los momentos del tiroteo y de algunos de pasajeros y personal agazapados en el suelo de la terminal tras escuchar el ruido de disparos.<\/p>\n","protected":false},"excerpt":{"rendered":"<p>El secretario de Seguridad Ciudadana de la Ciudad de M\u00e9xico, Pablo V\u00e1zquez Camacho, explic\u00f3 en un breve mensaje en sus redes sociales que el hombre detenido en las inmediaciones del AICM est\u00e1 relacionado con el robo de camiones de carga en la zona de aduanas. Elementos policiacos de la Ciudad de M\u00e9xico se enfrentaron la [&hellip;]<\/p>\n","protected":false},"author":1,"featured_media":36051,"comment_status":"closed","ping_status":"closed","sticky":false,"template":"","format":"standard","meta":{"footnotes":""},"categories":[35,37],"tags":[],"class_list":["post-36050","post","type-post","status-publish","format-standard","has-post-thumbnail","hentry","category-cdmx","category-justicia"],"_links":{"self":[{"href":"https:\/\/elinformante.mx\/index.php?rest_route=\/wp\/v2\/posts\/36050","targetHints":{"allow":["GET"]}}],"collection":[{"href":"https:\/\/elinformante.mx\/index.php?rest_route=\/wp\/v2\/posts"}],"about":[{"href":"https:\/\/elinformante.mx\/index.php?rest_route=\/wp\/v2\/types\/post"}],"author":[{"embeddable":true,"href":"https:\/\/elinformante.mx\/index.php?rest_route=\/wp\/v2\/users\/1"}],"replies":[{"embeddable":true,"href":"https:\/\/elinformante.mx\/index.php?rest_route=%2Fwp%2Fv2%2Fcomments&post=36050"}],"version-history":[{"count":0,"href":"https:\/\/elinformante.mx\/index.php?rest_route=\/wp\/v2\/posts\/36050\/revisions"}],"wp:featuredmedia":[{"embeddable":true,"href":"https:\/\/elinformante.mx\/index.php?rest_route=\/wp\/v2\/media\/36051"}],"wp:attachment":[{"href":"https:\/\/elinformante.mx\/index.php?rest_route=%2Fwp%2Fv2%2Fmedia&parent=36050"}],"wp:term":[{"taxonomy":"category","embeddable":true,"href":"https:\/\/elinformante.mx\/index.php?rest_route=%2Fwp%2Fv2%2Fcategories&post=36050"},{"taxonomy":"post_tag","embeddable":true,"href":"https:\/\/elinformante.mx\/index.php?rest_route=%2Fwp%2Fv2%2Ftags&post=36050"}],"curies":[{"name":"wp","href":"https:\/\/api.w.org\/{rel}","templated":true}]}}