{"id":36053,"date":"2023-09-13T14:36:31","date_gmt":"2023-09-13T14:36:31","guid":{"rendered":"https:\/\/elinformante.mx\/?p=36053"},"modified":"2023-09-13T14:36:32","modified_gmt":"2023-09-13T14:36:32","slug":"bomberos-de-toluca-continuan-con-disputas-por-adeudos","status":"publish","type":"post","link":"https:\/\/elinformante.mx\/?p=36053","title":{"rendered":"Bomberos de Toluca contin\u00faan con disputas por adeudos"},"content":{"rendered":"\n<blockquote class=\"wp-block-quote is-layout-flow wp-block-quote-is-layout-flow\">\n<p>Este martes sostuvieron una reuni\u00f3n con autoridades municipales en la que se les entreg\u00f3 un bono por el d\u00eda del bombero; sin embargo, no hay fecha para pagarles el resto de los adeudos<\/p>\n<\/blockquote>\n\n\n\n<p>Tras una semana de espera, la corporaci\u00f3n de Bomberos Toluca no ha obtenido respuesta a sus demandas para que se les pague las prestaciones pendientes desde hace un a\u00f1o y medio.<br><\/p>\n\n\n\n<p>Los rescatistas sostuvieron una reuni\u00f3n a puerta cerrada con autoridades municipales pero no se les defini\u00f3 fecha ni monto sobre los adeudos en aguinaldos, primas vacacionales y finiquitos.<br><\/p>\n\n\n\n<p>\u201cNo hay avance prometedor solamente nos quieren tapar la boca con el bono del d\u00eda del bombero y de igual forma los pagos y dem\u00e1s situaciones siguen muy pendientes\u201d, se\u00f1al\u00f3 uno de los bomberos afectados.<br><\/p>\n\n\n\n<p>La \u00fanica respuesta que obtuvieron fue la entrega del bono por el d\u00eda del bombero el cual fue de dos mil pesos.<br><\/p>\n\n\n\n<p>En dicha reuni\u00f3n se oblig\u00f3 a que los elementos apagaran sus equipos celulares y, de forma personal, se les entreg\u00f3 el bono de dos mil pesos.<br><\/p>\n\n\n\n<p>Los bomberos denunciaron que durante la reuni\u00f3n se les exhort\u00f3 a seguir protestando y se insisti\u00f3 en que el adeudo es de la administraci\u00f3n pasada.<br><\/p>\n\n\n\n<p>Debido a la negativa del ayuntamiento para saldar los adeudos, los vulcanos advirtieron en que no participar\u00e1n en las guardias del 15 de septiembre y en el desfile del d\u00eda 16.<br><\/p>\n\n\n\n<p>El personal de bomberos denunci\u00f3 que recibieron presuntas amenazas para no filtrar videos o audios de la reuni\u00f3n sostenida.<\/p>\n","protected":false},"excerpt":{"rendered":"<p>Este martes sostuvieron una reuni\u00f3n con autoridades municipales en la que se les entreg\u00f3 un bono por el d\u00eda del bombero; sin embargo, no hay fecha para pagarles el resto de los adeudos Tras una semana de espera, la corporaci\u00f3n de Bomberos Toluca no ha obtenido respuesta a sus demandas para que se les pague [&hellip;]<\/p>\n","protected":false},"author":1,"featured_media":36054,"comment_status":"closed","ping_status":"closed","sticky":false,"template":"","format":"standard","meta":{"footnotes":""},"categories":[36],"tags":[],"class_list":["post-36053","post","type-post","status-publish","format-standard","has-post-thumbnail","hentry","category-edomex"],"_links":{"self":[{"href":"https:\/\/elinformante.mx\/index.php?rest_route=\/wp\/v2\/posts\/36053","targetHints":{"allow":["GET"]}}],"collection":[{"href":"https:\/\/elinformante.mx\/index.php?rest_route=\/wp\/v2\/posts"}],"about":[{"href":"https:\/\/elinformante.mx\/index.php?rest_route=\/wp\/v2\/types\/post"}],"author":[{"embeddable":true,"href":"https:\/\/elinformante.mx\/index.php?rest_route=\/wp\/v2\/users\/1"}],"replies":[{"embeddable":true,"href":"https:\/\/elinformante.mx\/index.php?rest_route=%2Fwp%2Fv2%2Fcomments&post=36053"}],"version-history":[{"count":0,"href":"https:\/\/elinformante.mx\/index.php?rest_route=\/wp\/v2\/posts\/36053\/revisions"}],"wp:featuredmedia":[{"embeddable":true,"href":"https:\/\/elinformante.mx\/index.php?rest_route=\/wp\/v2\/media\/36054"}],"wp:attachment":[{"href":"https:\/\/elinformante.mx\/index.php?rest_route=%2Fwp%2Fv2%2Fmedia&parent=36053"}],"wp:term":[{"taxonomy":"category","embeddable":true,"href":"https:\/\/elinformante.mx\/index.php?rest_route=%2Fwp%2Fv2%2Fcategories&post=36053"},{"taxonomy":"post_tag","embeddable":true,"href":"https:\/\/elinformante.mx\/index.php?rest_route=%2Fwp%2Fv2%2Ftags&post=36053"}],"curies":[{"name":"wp","href":"https:\/\/api.w.org\/{rel}","templated":true}]}}