{"id":36064,"date":"2023-09-13T14:48:59","date_gmt":"2023-09-13T14:48:59","guid":{"rendered":"https:\/\/elinformante.mx\/?p=36064"},"modified":"2023-09-13T14:49:59","modified_gmt":"2023-09-13T14:49:59","slug":"conmemora-gem-a-mujeres-indigenas-por-las-aportaciones-a-sus-comunidades","status":"publish","type":"post","link":"https:\/\/elinformante.mx\/?p=36064","title":{"rendered":"Conmemora GEM a mujeres ind\u00edgenas por las aportaciones a sus comunidades"},"content":{"rendered":"\n<blockquote class=\"wp-block-quote is-layout-flow wp-block-quote-is-layout-flow\">\n<p>Impulsan desarrollo y crecimiento de este sector mediante acciones gubernamentales que coadyuvan a mejorar su calidad de vida.<\/p>\n<\/blockquote>\n\n\n\n<p>En el marco del D\u00eda Internacional de la Mujer Ind\u00edgena, Brenda Alvarado S\u00e1nchez, Secretaria de Desarrollo Social, distingui\u00f3 la labor que emprende este sector para seguir promoviendo la preservaci\u00f3n de sus usos y costumbres, a trav\u00e9s de la gastronom\u00eda, las artesan\u00edas y otros elementos propios de su identidad.<br><\/p>\n\n\n\n<p>Durante su participaci\u00f3n, asegur\u00f3 que el Gobierno que encabeza Alfredo Del Mazo Maza est\u00e1 comprometido con este grupo de la poblaci\u00f3n, por ello, durante su administraci\u00f3n impuls\u00f3 su desarrollo y crecimiento mediante la entrega del Salario Rosa en sus modalidades por la Cultura Comunitaria y del Campo.<br><\/p>\n\n\n\n<p>Asimismo, los programas Ni\u00f1ez Ind\u00edgena y Desarrollo Integral Ind\u00edgena, que tienen por objetivo contribuir al acceso a la alimentaci\u00f3n saludable y de calidad mediante la entrega de canastas compuestas con productos alimenticios.<br><\/p>\n\n\n\n<figure class=\"wp-block-image size-large\"><img fetchpriority=\"high\" decoding=\"async\" width=\"1024\" height=\"503\" src=\"https:\/\/elinformante.mx\/wp-content\/uploads\/2023\/09\/conmemora-a-1024x503.jpg\" alt=\"\" class=\"wp-image-36067\" srcset=\"https:\/\/elinformante.mx\/wp-content\/uploads\/2023\/09\/conmemora-a-1024x503.jpg 1024w, https:\/\/elinformante.mx\/wp-content\/uploads\/2023\/09\/conmemora-a-300x147.jpg 300w, https:\/\/elinformante.mx\/wp-content\/uploads\/2023\/09\/conmemora-a-768x377.jpg 768w, https:\/\/elinformante.mx\/wp-content\/uploads\/2023\/09\/conmemora-a-580x285.jpg 580w, https:\/\/elinformante.mx\/wp-content\/uploads\/2023\/09\/conmemora-a-860x422.jpg 860w, https:\/\/elinformante.mx\/wp-content\/uploads\/2023\/09\/conmemora-a.jpg 1140w\" sizes=\"(max-width: 1024px) 100vw, 1024px\" \/><\/figure>\n\n\n\n<p>Como parte del evento, reconoci\u00f3 la labor de 10 mujeres ind\u00edgenas cuya trayectoria ha sido relevante para su comunidad, su municipio y la entidad; entre ellas se encuentran artesanas textiles, traductoras, hablantes de su lengua materna, catedr\u00e1ticas e int\u00e9rpretes.<br><\/p>\n\n\n\n<p>En su oportunidad, Juan Alfredo Bello Ch\u00e1vez, Vocal Ejecutivo del Consejo Estatal para el Desarrollo Integral de los Pueblos Ind\u00edgenas (CEDIPIEM), asegur\u00f3 que este grupo de la poblaci\u00f3n juega un papel importante en sus entornos, porque son pilares de sus familias y abonan al crecimiento de sus comunidades.<br><\/p>\n\n\n\n<p>El objetivo de esta fecha conmemorativa es reflexionar y sensibilizar sobre los obst\u00e1culos que las mujeres provenientes de comunidades originarias han experimentado durante gran parte de la historia mundial, tal como discriminaci\u00f3n, pobreza y\/o violencia, y otros que han surgido con la globalizaci\u00f3n, mencion\u00f3.<br><\/p>\n\n\n\n<p>Finalmente, degustaron de una muestra gastron\u00f3mica con platillos t\u00edpicos de la regi\u00f3n elaborados por las asistentes.<\/p>\n","protected":false},"excerpt":{"rendered":"<p>Impulsan desarrollo y crecimiento de este sector mediante acciones gubernamentales que coadyuvan a mejorar su calidad de vida. En el marco del D\u00eda Internacional de la Mujer Ind\u00edgena, Brenda Alvarado S\u00e1nchez, Secretaria de Desarrollo Social, distingui\u00f3 la labor que emprende este sector para seguir promoviendo la preservaci\u00f3n de sus usos y costumbres, a trav\u00e9s de [&hellip;]<\/p>\n","protected":false},"author":1,"featured_media":36066,"comment_status":"closed","ping_status":"closed","sticky":false,"template":"","format":"standard","meta":{"footnotes":""},"categories":[36],"tags":[],"class_list":["post-36064","post","type-post","status-publish","format-standard","has-post-thumbnail","hentry","category-edomex"],"_links":{"self":[{"href":"https:\/\/elinformante.mx\/index.php?rest_route=\/wp\/v2\/posts\/36064","targetHints":{"allow":["GET"]}}],"collection":[{"href":"https:\/\/elinformante.mx\/index.php?rest_route=\/wp\/v2\/posts"}],"about":[{"href":"https:\/\/elinformante.mx\/index.php?rest_route=\/wp\/v2\/types\/post"}],"author":[{"embeddable":true,"href":"https:\/\/elinformante.mx\/index.php?rest_route=\/wp\/v2\/users\/1"}],"replies":[{"embeddable":true,"href":"https:\/\/elinformante.mx\/index.php?rest_route=%2Fwp%2Fv2%2Fcomments&post=36064"}],"version-history":[{"count":0,"href":"https:\/\/elinformante.mx\/index.php?rest_route=\/wp\/v2\/posts\/36064\/revisions"}],"wp:featuredmedia":[{"embeddable":true,"href":"https:\/\/elinformante.mx\/index.php?rest_route=\/wp\/v2\/media\/36066"}],"wp:attachment":[{"href":"https:\/\/elinformante.mx\/index.php?rest_route=%2Fwp%2Fv2%2Fmedia&parent=36064"}],"wp:term":[{"taxonomy":"category","embeddable":true,"href":"https:\/\/elinformante.mx\/index.php?rest_route=%2Fwp%2Fv2%2Fcategories&post=36064"},{"taxonomy":"post_tag","embeddable":true,"href":"https:\/\/elinformante.mx\/index.php?rest_route=%2Fwp%2Fv2%2Ftags&post=36064"}],"curies":[{"name":"wp","href":"https:\/\/api.w.org\/{rel}","templated":true}]}}