{"id":36072,"date":"2023-09-13T15:02:08","date_gmt":"2023-09-13T15:02:08","guid":{"rendered":"https:\/\/elinformante.mx\/?p=36072"},"modified":"2023-09-13T15:02:09","modified_gmt":"2023-09-13T15:02:09","slug":"aprueba-congreso-de-cdmx-solicitud-de-licencia-a-clara-brugada","status":"publish","type":"post","link":"https:\/\/elinformante.mx\/?p=36072","title":{"rendered":"Aprueba Congreso de CDMX solicitud de licencia a Clara Brugada"},"content":{"rendered":"\n<blockquote class=\"wp-block-quote is-layout-flow wp-block-quote-is-layout-flow\">\n<p>El pleno dictamin\u00f3 permiso para que Clara Brugada se separe 60 d\u00edas de su cargo con el fin de buscar la candidatura a la Jefatura de Gobierno de la CdMx<\/p>\n<\/blockquote>\n\n\n\n<p>El pleno del Congreso capitalino aprob\u00f3 la solicitud de licencia de la alcaldesa de Iztapalapa, Clara Brugada, quien buscar\u00e1 ser candidata por Morena a la Jefatura de Gobierno de la Ciudad de M\u00e9xico.<br><\/p>\n\n\n\n<p>Por mayor\u00eda de votos, Gabriela Salido, presidenta de la Mesa Directiva, manifest\u00f3 la aprobaci\u00f3n y pidi\u00f3 notificar a la solicitante, as\u00ed como al jefe de Gobierno.<br><\/p>\n\n\n\n<p>En el documento que Brugada envi\u00f3 a la Mesa Directiva del Congreso, solicita licencia temporal para separarse del cargo por 60 d\u00edas contados a partir del 16 de septiembre.<br><\/p>\n\n\n\n<p>Agrega que durante su ausencia, Ricardo Basulto, director general de obras y servicios, ser\u00e1 el encargado de despacho.<\/p>\n","protected":false},"excerpt":{"rendered":"<p>El pleno dictamin\u00f3 permiso para que Clara Brugada se separe 60 d\u00edas de su cargo con el fin de buscar la candidatura a la Jefatura de Gobierno de la CdMx El pleno del Congreso capitalino aprob\u00f3 la solicitud de licencia de la alcaldesa de Iztapalapa, Clara Brugada, quien buscar\u00e1 ser candidata por Morena a la [&hellip;]<\/p>\n","protected":false},"author":1,"featured_media":36073,"comment_status":"closed","ping_status":"closed","sticky":false,"template":"","format":"standard","meta":{"footnotes":""},"categories":[35],"tags":[],"class_list":["post-36072","post","type-post","status-publish","format-standard","has-post-thumbnail","hentry","category-cdmx"],"_links":{"self":[{"href":"https:\/\/elinformante.mx\/index.php?rest_route=\/wp\/v2\/posts\/36072","targetHints":{"allow":["GET"]}}],"collection":[{"href":"https:\/\/elinformante.mx\/index.php?rest_route=\/wp\/v2\/posts"}],"about":[{"href":"https:\/\/elinformante.mx\/index.php?rest_route=\/wp\/v2\/types\/post"}],"author":[{"embeddable":true,"href":"https:\/\/elinformante.mx\/index.php?rest_route=\/wp\/v2\/users\/1"}],"replies":[{"embeddable":true,"href":"https:\/\/elinformante.mx\/index.php?rest_route=%2Fwp%2Fv2%2Fcomments&post=36072"}],"version-history":[{"count":0,"href":"https:\/\/elinformante.mx\/index.php?rest_route=\/wp\/v2\/posts\/36072\/revisions"}],"wp:featuredmedia":[{"embeddable":true,"href":"https:\/\/elinformante.mx\/index.php?rest_route=\/wp\/v2\/media\/36073"}],"wp:attachment":[{"href":"https:\/\/elinformante.mx\/index.php?rest_route=%2Fwp%2Fv2%2Fmedia&parent=36072"}],"wp:term":[{"taxonomy":"category","embeddable":true,"href":"https:\/\/elinformante.mx\/index.php?rest_route=%2Fwp%2Fv2%2Fcategories&post=36072"},{"taxonomy":"post_tag","embeddable":true,"href":"https:\/\/elinformante.mx\/index.php?rest_route=%2Fwp%2Fv2%2Ftags&post=36072"}],"curies":[{"name":"wp","href":"https:\/\/api.w.org\/{rel}","templated":true}]}}