{"id":36078,"date":"2023-09-13T15:03:56","date_gmt":"2023-09-13T15:03:56","guid":{"rendered":"https:\/\/elinformante.mx\/?p=36078"},"modified":"2023-09-13T15:03:57","modified_gmt":"2023-09-13T15:03:57","slug":"metro-cdmx-prohibira-entrada-a-usuarios-alcoholizados-o-en-posesion-de-pirotecnia","status":"publish","type":"post","link":"https:\/\/elinformante.mx\/?p=36078","title":{"rendered":"Metro CDMX prohibir\u00e1 entrada a usuarios alcoholizados o en posesi\u00f3n de pirotecnia"},"content":{"rendered":"\n<blockquote class=\"wp-block-quote is-layout-flow wp-block-quote-is-layout-flow\">\n<p>El Metro de la CDMX inform\u00f3 que este septiembre ya dio inicio el operativo para inhibir el ingreso de cohetes y de personas en estado inconveniente.<\/p>\n<\/blockquote>\n\n\n\n<p>El Metro de la Ciudad de M\u00e9xico (CDMX) inform\u00f3 que este septiembre ya dio inicio el \u2018Operativo Cometa 2023\u2019 para inhibir el ingreso de cohetes a las 12 l\u00edneas de la red del Sistema de Transporte Colectivo (STC), en el marco de las celebraciones del Grito de Independencia.<br><\/p>\n\n\n\n<p>El operativo del STC Metro de la CDMX tambi\u00e9n busca disuadir el ingreso de personas en notorio estado inconveniente por la ingesta de alcohol o de alguna sustancia t\u00f3xica que los pueda poner en riesgo dentro de las instalaciones, o bien, a otros usuarios.<br><\/p>\n\n\n\n<p>Se har\u00e1n las remisiones ante las autoridades correspondientes de conformidad a los art\u00edculos 227 y 230 del Reglamento de la Ley de Movilidad de la Ciudad de M\u00e9xico.<br><\/p>\n\n\n\n<p>La pirotecnia decomisada ser\u00e1 canalizada a las autoridades correspondientes para su destrucci\u00f3n.<br><\/p>\n\n\n\n<p>Por lo que el organismo exhort\u00f3 a los usuarios a evitar ingresar a las instalaciones con pirotecnia.<br><\/p>\n\n\n\n<p>Las estaciones en donde se realizan con mayor \u00e9nfasis las revisiones son Fray Servando, Candelaria, Jamaica, Allende, Z\u00f3calo-Tenochtitlan, Pino Su\u00e1rez y Bellas Artes, as\u00ed como las terminales Indios Verdes y Cuatro Caminos.<br><\/p>\n\n\n\n<p>Adem\u00e1s, se contar\u00e1 con la participaci\u00f3n del personal de Fuerza de Tarea de la SSC para apoyar las acciones de reforzamiento en estaciones y a los grupos m\u00f3viles que recorrer\u00e1n las l\u00edneas.<\/p>\n","protected":false},"excerpt":{"rendered":"<p>El Metro de la CDMX inform\u00f3 que este septiembre ya dio inicio el operativo para inhibir el ingreso de cohetes y de personas en estado inconveniente. El Metro de la Ciudad de M\u00e9xico (CDMX) inform\u00f3 que este septiembre ya dio inicio el \u2018Operativo Cometa 2023\u2019 para inhibir el ingreso de cohetes a las 12 l\u00edneas [&hellip;]<\/p>\n","protected":false},"author":1,"featured_media":36079,"comment_status":"closed","ping_status":"closed","sticky":false,"template":"","format":"standard","meta":{"footnotes":""},"categories":[35],"tags":[],"class_list":["post-36078","post","type-post","status-publish","format-standard","has-post-thumbnail","hentry","category-cdmx"],"_links":{"self":[{"href":"https:\/\/elinformante.mx\/index.php?rest_route=\/wp\/v2\/posts\/36078","targetHints":{"allow":["GET"]}}],"collection":[{"href":"https:\/\/elinformante.mx\/index.php?rest_route=\/wp\/v2\/posts"}],"about":[{"href":"https:\/\/elinformante.mx\/index.php?rest_route=\/wp\/v2\/types\/post"}],"author":[{"embeddable":true,"href":"https:\/\/elinformante.mx\/index.php?rest_route=\/wp\/v2\/users\/1"}],"replies":[{"embeddable":true,"href":"https:\/\/elinformante.mx\/index.php?rest_route=%2Fwp%2Fv2%2Fcomments&post=36078"}],"version-history":[{"count":0,"href":"https:\/\/elinformante.mx\/index.php?rest_route=\/wp\/v2\/posts\/36078\/revisions"}],"wp:featuredmedia":[{"embeddable":true,"href":"https:\/\/elinformante.mx\/index.php?rest_route=\/wp\/v2\/media\/36079"}],"wp:attachment":[{"href":"https:\/\/elinformante.mx\/index.php?rest_route=%2Fwp%2Fv2%2Fmedia&parent=36078"}],"wp:term":[{"taxonomy":"category","embeddable":true,"href":"https:\/\/elinformante.mx\/index.php?rest_route=%2Fwp%2Fv2%2Fcategories&post=36078"},{"taxonomy":"post_tag","embeddable":true,"href":"https:\/\/elinformante.mx\/index.php?rest_route=%2Fwp%2Fv2%2Ftags&post=36078"}],"curies":[{"name":"wp","href":"https:\/\/api.w.org\/{rel}","templated":true}]}}