{"id":36081,"date":"2023-09-13T15:04:43","date_gmt":"2023-09-13T15:04:43","guid":{"rendered":"https:\/\/elinformante.mx\/?p=36081"},"modified":"2023-09-13T15:04:44","modified_gmt":"2023-09-13T15:04:44","slug":"encabeza-jaime-maussan-audiencia-sobre-fenomeno-ovni-en-camara-de-diputados","status":"publish","type":"post","link":"https:\/\/elinformante.mx\/?p=36081","title":{"rendered":"Encabeza Jaime Maussan audiencia sobre fen\u00f3meno Ovni en C\u00e1mara de Diputados"},"content":{"rendered":"\n<blockquote class=\"wp-block-quote is-layout-flow wp-block-quote-is-layout-flow\">\n<p>Jaime Maussan asegur\u00f3 que si el gobierno mexicano reconoce que estamos siendo visitados por inteligencias no humanas, ser\u00e1 posible profundizar en la investigaci\u00f3n sobre el fen\u00f3meno OVNI, e incluso, viajar a otros universos.<\/p>\n<\/blockquote>\n\n\n\n<p>As\u00ed lo afirm\u00f3 en la C\u00e1mara de Diputados, como parte de la primera audiencia p\u00fablica que nuestro pa\u00eds realiza en la materia, a trav\u00e9s de un acto en el que adem\u00e1s, jur\u00f3 decir la verdad y nada m\u00e1s que la verdad.<br><\/p>\n\n\n\n<p>\u201cEl futuro para nuestros hijos podr\u00eda ser extraordinario si tenemos el valor de aceptar que estamos siendo visitados por inteligencias no humanas que vienen a la tierra desde las profundidades del universo, si lo aceptamos podr\u00edamos incluso viajar a otros universos, depende de nosotros\u201d, declar\u00f3.<br><\/p>\n\n\n\n<p>Maussan record\u00f3 que el 5 de marzo de 2024, un avi\u00f3n C26A de la Fuerza A\u00e9rea Mexicana, utilizando una c\u00e1mara flir infrarroja, que en ese momento era exclusiva del ej\u00e9rcito, pudo captar la imagen de 11 objetos an\u00f3malos no identificados, video que fue el primero de su tipo liberado por la Fuerza A\u00e9rea de un pa\u00eds.<br><\/p>\n\n\n\n<p>\u201cMe fue entregado por el secretario de la defensa Ricardo Clemente Vega Garc\u00eda, fue la primera vez que se registr\u00f3 un evento de objetos invisibles. Nos encontramos ante un tema que nos une, no que nos separa en M\u00e9xico, este tema no debe de ser considerado como tema de un partido pol\u00edtico, sino de la humanidad\u201d, declar\u00f3.<br><\/p>\n\n\n\n<p>En el acto particip\u00f3 Ryan Graves, un militar en retiro, quien fue exdirector de la marina de los Estados Unidos, y quien cobr\u00f3 fama al revelar que presuntamente el gobierno de los Estados Unidos investiga desde hace a\u00f1os el fen\u00f3meno ovni.<br><\/p>\n\n\n\n<p>Record\u00f3 que fue un 26 de julio de 2023, cuando el mundo escuch\u00f3 su testimonio, en el que revel\u00f3 sus experiencias con tecnolog\u00edas que superaban considerablemente la de sus aviones de combate, tecnolog\u00eda que consider\u00f3 no existe en este planeta.<br><\/p>\n\n\n\n<p>\u201cEstados Unidos se encuentra en posesi\u00f3n de naves y restos de origen no humano, el Congreso de los Estados Unidos ha insistido una y otra vez en torno a que el pueblo tiene derecho de saber la verdad, sin embargo, hasta el momento el pent\u00e1gono no ha permitido que se profundice en las investigaciones y de hecho quiere cancelar cualquier posibilidad de que se realicen nuevas audiencias p\u00fablicas en el congreso de los Estados Unidos. Tenemos impulsar la b\u00fasqueda y la investigaci\u00f3n cient\u00edfica para encontrar una soluci\u00f3n real a estos temas\u201d, declar\u00f3 el exmilitar.<br><\/p>\n\n\n\n<p>Agreg\u00f3 que en Estados Unidos se public\u00f3 la ley de desclasificaci\u00f3n controlada, que establece que para el 2024 \u201cel p\u00fablico tendr\u00e1 que ser preparado para aceptar la presencia de entidades no humanas en nuestro mundo\u201d.<br><\/p>\n\n\n\n<p>En el foro, tambi\u00e9n participaron autoridades del Instituto Nacional de Transparencia, Acceso a la Informaci\u00f3n, y Protecci\u00f3n de Datos Personales (Inai), quienes se\u00f1alaron que en los \u00faltimos a\u00f1os, tiene registro de 93 asuntos relacionados con el tema; siendo 58 de ellos, solicitudes de informaci\u00f3n en torno al espacio a\u00e9reo mexicano, 19 sobre objetos voladores no identificados, 15 de servicio a la navegaci\u00f3n en el espacio a\u00e9reo mexicano, y uno sobre tem\u00e1tica de extraterrestre.<\/p>\n","protected":false},"excerpt":{"rendered":"<p>Jaime Maussan asegur\u00f3 que si el gobierno mexicano reconoce que estamos siendo visitados por inteligencias no humanas, ser\u00e1 posible profundizar en la investigaci\u00f3n sobre el fen\u00f3meno OVNI, e incluso, viajar a otros universos. As\u00ed lo afirm\u00f3 en la C\u00e1mara de Diputados, como parte de la primera audiencia p\u00fablica que nuestro pa\u00eds realiza en la materia, [&hellip;]<\/p>\n","protected":false},"author":1,"featured_media":36082,"comment_status":"closed","ping_status":"closed","sticky":false,"template":"","format":"standard","meta":{"footnotes":""},"categories":[34],"tags":[],"class_list":["post-36081","post","type-post","status-publish","format-standard","has-post-thumbnail","hentry","category-nacional"],"_links":{"self":[{"href":"https:\/\/elinformante.mx\/index.php?rest_route=\/wp\/v2\/posts\/36081","targetHints":{"allow":["GET"]}}],"collection":[{"href":"https:\/\/elinformante.mx\/index.php?rest_route=\/wp\/v2\/posts"}],"about":[{"href":"https:\/\/elinformante.mx\/index.php?rest_route=\/wp\/v2\/types\/post"}],"author":[{"embeddable":true,"href":"https:\/\/elinformante.mx\/index.php?rest_route=\/wp\/v2\/users\/1"}],"replies":[{"embeddable":true,"href":"https:\/\/elinformante.mx\/index.php?rest_route=%2Fwp%2Fv2%2Fcomments&post=36081"}],"version-history":[{"count":0,"href":"https:\/\/elinformante.mx\/index.php?rest_route=\/wp\/v2\/posts\/36081\/revisions"}],"wp:featuredmedia":[{"embeddable":true,"href":"https:\/\/elinformante.mx\/index.php?rest_route=\/wp\/v2\/media\/36082"}],"wp:attachment":[{"href":"https:\/\/elinformante.mx\/index.php?rest_route=%2Fwp%2Fv2%2Fmedia&parent=36081"}],"wp:term":[{"taxonomy":"category","embeddable":true,"href":"https:\/\/elinformante.mx\/index.php?rest_route=%2Fwp%2Fv2%2Fcategories&post=36081"},{"taxonomy":"post_tag","embeddable":true,"href":"https:\/\/elinformante.mx\/index.php?rest_route=%2Fwp%2Fv2%2Ftags&post=36081"}],"curies":[{"name":"wp","href":"https:\/\/api.w.org\/{rel}","templated":true}]}}