{"id":36341,"date":"2023-09-18T14:09:08","date_gmt":"2023-09-18T14:09:08","guid":{"rendered":"https:\/\/elinformante.mx\/?p=36341"},"modified":"2023-09-18T14:09:09","modified_gmt":"2023-09-18T14:09:09","slug":"orgullo-mexicano-alexa-moreno-triunfa-en-paris","status":"publish","type":"post","link":"https:\/\/elinformante.mx\/?p=36341","title":{"rendered":"Orgullo mexicano: Alexa Moreno triunfa en Par\u00eds"},"content":{"rendered":"\n<blockquote class=\"wp-block-quote is-layout-flow wp-block-quote-is-layout-flow\">\n<p>Para Moreno este ha sido su mejor resultado a nivel individual en un torneo de car\u00e1cter mundial, que supera la medalla de bronce conseguida en el Campeonato Mundial de 2018.<\/p>\n<\/blockquote>\n\n\n\n<p>La gimnasta mexicana Alexa Moreno se coloc\u00f3 en lo m\u00e1s alto del podio en la final de salto de caballo en la Copa del Mundo de gimnasia art\u00edstica, que actualmente se realiza en la capital francesa.<br><\/p>\n\n\n\n<p>Con una calificaci\u00f3n de 14.075, Moreno super\u00f3 a todas las dem\u00e1s participantes dentro de dicha prueba, para quedarse con la medalla de oro en la prueba en la que m\u00e1s se ha destacado a nivel individual.<br><\/p>\n\n\n\n<figure class=\"wp-block-image size-large\"><img fetchpriority=\"high\" decoding=\"async\" width=\"1024\" height=\"503\" src=\"https:\/\/elinformante.mx\/wp-content\/uploads\/2023\/09\/ORGULLO-2-1024x503.jpg\" alt=\"\" class=\"wp-image-36343\" srcset=\"https:\/\/elinformante.mx\/wp-content\/uploads\/2023\/09\/ORGULLO-2-1024x503.jpg 1024w, https:\/\/elinformante.mx\/wp-content\/uploads\/2023\/09\/ORGULLO-2-300x147.jpg 300w, https:\/\/elinformante.mx\/wp-content\/uploads\/2023\/09\/ORGULLO-2-768x377.jpg 768w, https:\/\/elinformante.mx\/wp-content\/uploads\/2023\/09\/ORGULLO-2-580x285.jpg 580w, https:\/\/elinformante.mx\/wp-content\/uploads\/2023\/09\/ORGULLO-2-860x422.jpg 860w, https:\/\/elinformante.mx\/wp-content\/uploads\/2023\/09\/ORGULLO-2.jpg 1140w\" sizes=\"(max-width: 1024px) 100vw, 1024px\" \/><\/figure>\n\n\n\n<p>Junto a Alexa, la australiana Georgia Godwin y la francesa Coline Devillard finalizaron dentro de las posiciones finales, con marcas generales de 13.850 y 13.800, respectivamente. En la cuarta posici\u00f3n, la tambi\u00e9n mexicana Ahtziri Zandoval, finaliz\u00f3 en la cuarta posici\u00f3n luego de haber sumado una calificaci\u00f3n final de 13.525.<br><\/p>\n\n\n\n<p>En m\u00e1s actividad dentro del evento parisino, las mexicanas Natalia Escalera y Ahtziri Zandoval, culminaron su participaci\u00f3n en la final de las barras asim\u00e9tricas en la s\u00e9ptima y octava posici\u00f3n, en una prueba que gan\u00f3 la francesa Melanie de Jesus Dos Santos.<br><\/p>\n\n\n\n<p>Para Moreno este ha sido su mejor resultado a nivel individual en un torneo de car\u00e1cter mundial, que supera la medalla de bronce conseguida en el Campeonato Mundial de 2018, realizado en Doha, Qatar. Tanto Alexa como Cassandra Loustalot, son las mexicanas restantes por ver actividad en la final de piso, que marcar\u00e1 el final de la justa realizada en Par\u00eds.<\/p>\n","protected":false},"excerpt":{"rendered":"<p>Para Moreno este ha sido su mejor resultado a nivel individual en un torneo de car\u00e1cter mundial, que supera la medalla de bronce conseguida en el Campeonato Mundial de 2018. La gimnasta mexicana Alexa Moreno se coloc\u00f3 en lo m\u00e1s alto del podio en la final de salto de caballo en la Copa del Mundo [&hellip;]<\/p>\n","protected":false},"author":1,"featured_media":36342,"comment_status":"closed","ping_status":"closed","sticky":false,"template":"","format":"standard","meta":{"footnotes":""},"categories":[38,30],"tags":[],"class_list":["post-36341","post","type-post","status-publish","format-standard","has-post-thumbnail","hentry","category-deportes","category-destacado"],"_links":{"self":[{"href":"https:\/\/elinformante.mx\/index.php?rest_route=\/wp\/v2\/posts\/36341","targetHints":{"allow":["GET"]}}],"collection":[{"href":"https:\/\/elinformante.mx\/index.php?rest_route=\/wp\/v2\/posts"}],"about":[{"href":"https:\/\/elinformante.mx\/index.php?rest_route=\/wp\/v2\/types\/post"}],"author":[{"embeddable":true,"href":"https:\/\/elinformante.mx\/index.php?rest_route=\/wp\/v2\/users\/1"}],"replies":[{"embeddable":true,"href":"https:\/\/elinformante.mx\/index.php?rest_route=%2Fwp%2Fv2%2Fcomments&post=36341"}],"version-history":[{"count":0,"href":"https:\/\/elinformante.mx\/index.php?rest_route=\/wp\/v2\/posts\/36341\/revisions"}],"wp:featuredmedia":[{"embeddable":true,"href":"https:\/\/elinformante.mx\/index.php?rest_route=\/wp\/v2\/media\/36342"}],"wp:attachment":[{"href":"https:\/\/elinformante.mx\/index.php?rest_route=%2Fwp%2Fv2%2Fmedia&parent=36341"}],"wp:term":[{"taxonomy":"category","embeddable":true,"href":"https:\/\/elinformante.mx\/index.php?rest_route=%2Fwp%2Fv2%2Fcategories&post=36341"},{"taxonomy":"post_tag","embeddable":true,"href":"https:\/\/elinformante.mx\/index.php?rest_route=%2Fwp%2Fv2%2Ftags&post=36341"}],"curies":[{"name":"wp","href":"https:\/\/api.w.org\/{rel}","templated":true}]}}