{"id":36348,"date":"2023-09-18T14:11:07","date_gmt":"2023-09-18T14:11:07","guid":{"rendered":"https:\/\/elinformante.mx\/?p=36348"},"modified":"2023-09-18T14:11:08","modified_gmt":"2023-09-18T14:11:08","slug":"de-enero-a-agosto-152-condenados-por-secuestro-en-el-estado-de-mexico","status":"publish","type":"post","link":"https:\/\/elinformante.mx\/?p=36348","title":{"rendered":"De enero a agosto, 152 condenados por secuestro en el Estado de M\u00e9xico"},"content":{"rendered":"\n<blockquote class=\"wp-block-quote is-layout-flow wp-block-quote-is-layout-flow\">\n<p>Ocho personas sentenciadas con alta penalidad por secuestros registrados en la entidad mexiquense.<\/p>\n<\/blockquote>\n\n\n\n<p>En el per\u00edodo del 1 de enero al 31 de agosto de 2023, la Fiscal\u00eda General de Justicia del Estado de M\u00e9xico (FGJEM) obtuvo de la Autoridad Judicial, sentencias condenatorias para 152 personas acusadas del delito de secuestro, adem\u00e1s derivado de la colaboraci\u00f3n con autoridades federales, estatales y municipales en estos ocho meses de 2023 fueron detenidas 35 personas en flagrancia y 72 en cumplimiento de orden de aprehensi\u00f3n por el delito referido.<br><\/p>\n\n\n\n<p>En estos \u00faltimos d\u00edas, la Fiscal\u00eda Edom\u00e9x obtuvo sentencias de condena de alta penalidad para ocho personas, una vez acreditada su intervenci\u00f3n en secuestros registrados en la entidad mexiquense.<br><\/p>\n\n\n\n<p>El \u00d3rgano Jurisdiccional dict\u00f3 condena de 170 a\u00f1os de prisi\u00f3n para Beatriz Espinoza Garc\u00eda, responsable del secuestro de un hombre, il\u00edcito perpetrado el 22 de septiembre de 2021 en el municipio de Toluca. El d\u00eda de los hechos la v\u00edctima sali\u00f3 de su domicilio para dirigirse a la colonia Sauces, donde se ver\u00eda con una persona, sin embargo, fue privada de la libertad y sus familiares comenzaron a recibir llamadas telef\u00f3nicas mediante las cuales le exigieron una suma econ\u00f3mica a cambio de liberarla; d\u00edas despu\u00e9s fue hallada sin vida en la comunidad Mateo Alcal\u00e1, en el municipio de Temoaya.<br><\/p>\n\n\n\n<p>En tanto que, el Agente del Ministerio P\u00fablico de la Fiscal\u00eda estatal obtuvo sentencia de 110 a\u00f1os de prisi\u00f3n para Brenda Guadalupe Montoya Gonzaga, quien el 14 de febrero de 2015, con base en enga\u00f1os traslad\u00f3 a la v\u00edctima a un inmueble de la localidad Santiago Miltepec, donde en complicidad con otros individuos secuestr\u00f3 a esta persona. D\u00edas despu\u00e9s, el 19 de febrero, la v\u00edctima fue hallada sin vida en el municipio de Amanalco de Becerra.<br><\/p>\n\n\n\n<p>De igual forma esta Autoridad Judicial obtuvo sentencia de condena de 87 a\u00f1os de prisi\u00f3n para Horacio Cruz Estrada, y le fue fijada multa de 942 mil 660 pesos, luego de que el Representante Social acredit\u00f3 su intervenci\u00f3n en el secuestro de dos personas en el municipio de Tejupilco. Este il\u00edcito se registr\u00f3 el 9 de febrero de 2014 en las inmediaciones de la central de camiones en el municipio referido, donde ambas personas fueron sometidas y trasladas por la fuerza a un inmueble del municipio de Valle de Bravo, en el cual los mantuvieron privados de la libertad, d\u00edas despu\u00e9s el hoy sentenciado fue detenido por elementos de la Secretar\u00eda de Seguridad estatal (SSEM) y liberadas las v\u00edctimas, mediante acci\u00f3n operativa.<br><\/p>\n\n\n\n<p>El \u00d3rgano Jurisdiccional con sede en Almoloya de Ju\u00e1rez emiti\u00f3 sentencia de 65 a\u00f1os de prisi\u00f3n para Diana Cuenca Terr\u00f3n, Brian Garc\u00eda \u00c1lvarez, Brandon Francisco Garfias Garc\u00eda, Miguel \u00c1ngel Hern\u00e1ndez Cadena y Juan Carlos Lachino Arellano, quienes el 11 de febrero de 2022 participaron en el secuestro de tres personas, quienes fueron privadas de la libertad afuera de la Central de Abasto de Toluca.<br><\/p>\n\n\n\n<p>En los casos referidos fueron integradas las indagatorias correspondientes por estos secuestros y detenidos los implicados, mismos que fueron ingresados al Centro Penitenciario y de Reinserci\u00f3n Social, a disposici\u00f3n de un Juez, quien, tras proceso legal, les dict\u00f3 las sentencias de condena respectivas.<\/p>\n","protected":false},"excerpt":{"rendered":"<p>Ocho personas sentenciadas con alta penalidad por secuestros registrados en la entidad mexiquense. En el per\u00edodo del 1 de enero al 31 de agosto de 2023, la Fiscal\u00eda General de Justicia del Estado de M\u00e9xico (FGJEM) obtuvo de la Autoridad Judicial, sentencias condenatorias para 152 personas acusadas del delito de secuestro, adem\u00e1s derivado de la [&hellip;]<\/p>\n","protected":false},"author":1,"featured_media":36349,"comment_status":"closed","ping_status":"closed","sticky":false,"template":"","format":"standard","meta":{"footnotes":""},"categories":[30,36,37],"tags":[],"class_list":["post-36348","post","type-post","status-publish","format-standard","has-post-thumbnail","hentry","category-destacado","category-edomex","category-justicia"],"_links":{"self":[{"href":"https:\/\/elinformante.mx\/index.php?rest_route=\/wp\/v2\/posts\/36348","targetHints":{"allow":["GET"]}}],"collection":[{"href":"https:\/\/elinformante.mx\/index.php?rest_route=\/wp\/v2\/posts"}],"about":[{"href":"https:\/\/elinformante.mx\/index.php?rest_route=\/wp\/v2\/types\/post"}],"author":[{"embeddable":true,"href":"https:\/\/elinformante.mx\/index.php?rest_route=\/wp\/v2\/users\/1"}],"replies":[{"embeddable":true,"href":"https:\/\/elinformante.mx\/index.php?rest_route=%2Fwp%2Fv2%2Fcomments&post=36348"}],"version-history":[{"count":0,"href":"https:\/\/elinformante.mx\/index.php?rest_route=\/wp\/v2\/posts\/36348\/revisions"}],"wp:featuredmedia":[{"embeddable":true,"href":"https:\/\/elinformante.mx\/index.php?rest_route=\/wp\/v2\/media\/36349"}],"wp:attachment":[{"href":"https:\/\/elinformante.mx\/index.php?rest_route=%2Fwp%2Fv2%2Fmedia&parent=36348"}],"wp:term":[{"taxonomy":"category","embeddable":true,"href":"https:\/\/elinformante.mx\/index.php?rest_route=%2Fwp%2Fv2%2Fcategories&post=36348"},{"taxonomy":"post_tag","embeddable":true,"href":"https:\/\/elinformante.mx\/index.php?rest_route=%2Fwp%2Fv2%2Ftags&post=36348"}],"curies":[{"name":"wp","href":"https:\/\/api.w.org\/{rel}","templated":true}]}}