{"id":36351,"date":"2023-09-18T14:12:06","date_gmt":"2023-09-18T14:12:06","guid":{"rendered":"https:\/\/elinformante.mx\/?p=36351"},"modified":"2023-09-18T14:12:07","modified_gmt":"2023-09-18T14:12:07","slug":"ieem-sensibiliza-a-funcionarias-y-funcionarios-electorales-para-generar-espacios-laborales-libres-de-violencia","status":"publish","type":"post","link":"https:\/\/elinformante.mx\/?p=36351","title":{"rendered":"IEEM sensibiliza a funcionarias y funcionarios electorales para generar espacios laborales libres de violencia"},"content":{"rendered":"\n<blockquote class=\"wp-block-quote is-layout-flow wp-block-quote-is-layout-flow\">\n<p>El taller impartido por el Instituto Nacional Electoral promueve que los medios alternativos de resoluci\u00f3n de conflictos se conviertan en la mejor opci\u00f3n para fortalecer los ambientes laborales.<\/p>\n<\/blockquote>\n\n\n\n<p>Con el objetivo de proporcionar a funcionarias y funcionarios electorales herramientas que promuevan entornos laborales libres de violencia, la Unidad para la Coordinaci\u00f3n de Trabajos de Igualdad de G\u00e9nero y Erradicaci\u00f3n de la Violencia Pol\u00edtica en Raz\u00f3n de G\u00e9nero (UCTIGEVP) del Instituto Electoral del Estado de M\u00e9xico (IEEM) organiz\u00f3 el Taller \u201cManejo y Resoluci\u00f3n de Conflictos en Espacios Laborales\u201d, impartido por el Instituto Nacional Electoral (INE).<br><\/p>\n\n\n\n<p>La Jefa del Departamento de la Unidad T\u00e9cnica para atender la Violencia Pol\u00edtica contra las Mujeres del IEEM, Roxana Ortega Jaimes, en su mensaje de bienvenida, destac\u00f3 que estos talleres buscan concientizar a las y los integrantes del \u00f3rgano electoral para mejorar no solo su entorno laboral, sino tambi\u00e9n para que repercutan positivamente en su vida cotidiana.<br><\/p>\n\n\n\n<p>Adem\u00e1s, asegur\u00f3 que el taller brind\u00f3 herramientas a las y los asistentes para identificar las diferencias existentes entre conflicto y violencia laboral; reconocer conductas y pr\u00e1cticas que pueden generar conflictos y propiciar un ambiente laboral violento, as\u00ed como concientizar sobre los efectos que tiene la violencia laboral en las v\u00edctimas.<br><\/p>\n\n\n\n<figure class=\"wp-block-image size-large\"><img fetchpriority=\"high\" decoding=\"async\" width=\"1024\" height=\"503\" src=\"https:\/\/elinformante.mx\/wp-content\/uploads\/2023\/09\/IEEM-2-1024x503.jpg\" alt=\"\" class=\"wp-image-36353\" srcset=\"https:\/\/elinformante.mx\/wp-content\/uploads\/2023\/09\/IEEM-2-1024x503.jpg 1024w, https:\/\/elinformante.mx\/wp-content\/uploads\/2023\/09\/IEEM-2-300x147.jpg 300w, https:\/\/elinformante.mx\/wp-content\/uploads\/2023\/09\/IEEM-2-768x377.jpg 768w, https:\/\/elinformante.mx\/wp-content\/uploads\/2023\/09\/IEEM-2-580x285.jpg 580w, https:\/\/elinformante.mx\/wp-content\/uploads\/2023\/09\/IEEM-2-860x422.jpg 860w, https:\/\/elinformante.mx\/wp-content\/uploads\/2023\/09\/IEEM-2.jpg 1140w\" sizes=\"(max-width: 1024px) 100vw, 1024px\" \/><\/figure>\n\n\n\n<p>Destac\u00f3 que el IEEM est\u00e1 comprometido en crear condiciones que fomenten espacios de trabajo saludables, \u00f3ptimos y libres de violencia al interior de la instituci\u00f3n.<br><\/p>\n\n\n\n<p>Por su parte, la Directora de Asuntos Laborales de Hostigamiento y Acoso Sexual y Laboral del INE, Alejandra Torres Mart\u00ednez, celebr\u00f3 que exista una colaboraci\u00f3n institucional entre el INE y el IEEM para que estos espacios de reflexi\u00f3n sean posibles.<br><\/p>\n\n\n\n<p>Resalt\u00f3 que a trav\u00e9s de esta interacci\u00f3n se fomenta la confianza entre los funcionarios, de manera que puedan llegar a acuerdos para resolver los conflictos que puedan surgir, convirtiendo a los Medios Alternativos de Soluci\u00f3n de Conflictos en la mejor opci\u00f3n para mejorar y sanear los ambientes laborales.<br><\/p>\n\n\n\n<p>\u00bfC\u00f3mo se origina una conducta? y \u00bfQu\u00e9 es un conflicto? Causas, tipos y su gesti\u00f3n, fueron parte de los temas que se abordaron en el taller en el que se utilizaron din\u00e1micas como \u201cTel\u00e9fono descompuesto\u201d y \u201cAdivina qui\u00e9n\u201d, para transmitir los conceptos de forma m\u00e1s l\u00fadica.<\/p>\n","protected":false},"excerpt":{"rendered":"<p>El taller impartido por el Instituto Nacional Electoral promueve que los medios alternativos de resoluci\u00f3n de conflictos se conviertan en la mejor opci\u00f3n para fortalecer los ambientes laborales. Con el objetivo de proporcionar a funcionarias y funcionarios electorales herramientas que promuevan entornos laborales libres de violencia, la Unidad para la Coordinaci\u00f3n de Trabajos de Igualdad [&hellip;]<\/p>\n","protected":false},"author":1,"featured_media":36352,"comment_status":"closed","ping_status":"closed","sticky":false,"template":"","format":"standard","meta":{"footnotes":""},"categories":[36],"tags":[],"class_list":["post-36351","post","type-post","status-publish","format-standard","has-post-thumbnail","hentry","category-edomex"],"_links":{"self":[{"href":"https:\/\/elinformante.mx\/index.php?rest_route=\/wp\/v2\/posts\/36351","targetHints":{"allow":["GET"]}}],"collection":[{"href":"https:\/\/elinformante.mx\/index.php?rest_route=\/wp\/v2\/posts"}],"about":[{"href":"https:\/\/elinformante.mx\/index.php?rest_route=\/wp\/v2\/types\/post"}],"author":[{"embeddable":true,"href":"https:\/\/elinformante.mx\/index.php?rest_route=\/wp\/v2\/users\/1"}],"replies":[{"embeddable":true,"href":"https:\/\/elinformante.mx\/index.php?rest_route=%2Fwp%2Fv2%2Fcomments&post=36351"}],"version-history":[{"count":0,"href":"https:\/\/elinformante.mx\/index.php?rest_route=\/wp\/v2\/posts\/36351\/revisions"}],"wp:featuredmedia":[{"embeddable":true,"href":"https:\/\/elinformante.mx\/index.php?rest_route=\/wp\/v2\/media\/36352"}],"wp:attachment":[{"href":"https:\/\/elinformante.mx\/index.php?rest_route=%2Fwp%2Fv2%2Fmedia&parent=36351"}],"wp:term":[{"taxonomy":"category","embeddable":true,"href":"https:\/\/elinformante.mx\/index.php?rest_route=%2Fwp%2Fv2%2Fcategories&post=36351"},{"taxonomy":"post_tag","embeddable":true,"href":"https:\/\/elinformante.mx\/index.php?rest_route=%2Fwp%2Fv2%2Ftags&post=36351"}],"curies":[{"name":"wp","href":"https:\/\/api.w.org\/{rel}","templated":true}]}}