{"id":36359,"date":"2023-09-18T14:18:15","date_gmt":"2023-09-18T14:18:15","guid":{"rendered":"https:\/\/elinformante.mx\/?p=36359"},"modified":"2023-09-18T14:18:16","modified_gmt":"2023-09-18T14:18:16","slug":"marisol-arias-celebra-en-atlacomulco-el-grito-de-independencia-con-pasion-y-tradicion","status":"publish","type":"post","link":"https:\/\/elinformante.mx\/?p=36359","title":{"rendered":"Marisol Arias celebra en Atlacomulco el Grito de Independencia con pasi\u00f3n y tradici\u00f3n"},"content":{"rendered":"\n<blockquote class=\"wp-block-quote is-layout-flow wp-block-quote-is-layout-flow\">\n<p>Adem\u00e1s de la m\u00fasica, la celebraci\u00f3n ofreci\u00f3 una amplia variedad de eventos culturales y actividades para todas las edades.<\/p>\n<\/blockquote>\n\n\n\n<p>La tradici\u00f3n del Grito de Independencia cobr\u00f3 vida en Atlacomulco, donde los lugare\u00f1os y visitantes se unieron para celebrar el valiente esp\u00edritu de lucha y libertad que marc\u00f3 el inicio de la historia de M\u00e9xico.<br><\/p>\n\n\n\n<p>Bajo la direcci\u00f3n de la presidenta Marisol el Socorro Arias Flores, la ciudad se envolvi\u00f3 en una atm\u00f3sfera de patriotismo y emoci\u00f3n mientras miles de personas se congregaron para ser testigos del tradicional Grito de Independencia.<br><\/p>\n\n\n\n<p>La ceremonia comenz\u00f3 a las 23:00 horas con un espect\u00e1culo de fuegos artificiales que ilumin\u00f3 el cielo nocturno, llenando de color y asombro a los espectadores. El entusiasmo creci\u00f3 con la presentaci\u00f3n en vivo de artistas locales, quienes dieron vida a la noche con su m\u00fasica y ritmo, preparando a la audiencia para el emocionante momento del Grito.<br><\/p>\n\n\n\n<figure class=\"wp-block-image size-large\"><img fetchpriority=\"high\" decoding=\"async\" width=\"1024\" height=\"503\" src=\"https:\/\/elinformante.mx\/wp-content\/uploads\/2023\/09\/marisol-2-1024x503.jpg\" alt=\"\" class=\"wp-image-36361\" srcset=\"https:\/\/elinformante.mx\/wp-content\/uploads\/2023\/09\/marisol-2-1024x503.jpg 1024w, https:\/\/elinformante.mx\/wp-content\/uploads\/2023\/09\/marisol-2-300x147.jpg 300w, https:\/\/elinformante.mx\/wp-content\/uploads\/2023\/09\/marisol-2-768x377.jpg 768w, https:\/\/elinformante.mx\/wp-content\/uploads\/2023\/09\/marisol-2-580x285.jpg 580w, https:\/\/elinformante.mx\/wp-content\/uploads\/2023\/09\/marisol-2-860x422.jpg 860w, https:\/\/elinformante.mx\/wp-content\/uploads\/2023\/09\/marisol-2.jpg 1140w\" sizes=\"(max-width: 1024px) 100vw, 1024px\" \/><\/figure>\n\n\n\n<p>Despu\u00e9s de la emotiva ceremonia, la poblaci\u00f3n disfrut\u00f3 de las presentaciones de varios artistas, incluyendo imitadores de \u00edconos de la m\u00fasica mexicana como Valent\u00edn Elizalde, Juan Gabriel y Espinoza Paz. La diversidad musical se hizo evidente cuando grupos como Fredy y su Generaci\u00f3n, Contra Norte, Grupo Viento y Sol, Alejandro Orozco, Grupo Palomo y La Encantadora Banda Sebasti\u00e1n subieron al escenario para entretener a la multitud.<br><\/p>\n\n\n\n<p>Adem\u00e1s de la m\u00fasica, la celebraci\u00f3n ofreci\u00f3 una amplia variedad de eventos culturales y actividades para todas las edades. Desde recreaci\u00f3n hasta las ya tradicionales guerras de espumas, los asistentes tuvieron la oportunidad de participar en actividades que fortalecieron el sentido de comunidad y amor por la cultura mexicana.<br><\/p>\n\n\n\n<p>Los amantes de la gastronom\u00eda tambi\u00e9n se deleitaron con m\u00faltiples eventos culinarios donde se pudieron disfrutar de una gran variedad de antojitos mexicanos, resaltando la riqueza de la comida tradicional del pa\u00eds.<br><\/p>\n\n\n\n<p>La celebraci\u00f3n del Grito de Independencia en Atlacomulco no solo conmemor\u00f3 la historia de M\u00e9xico, sino que tambi\u00e9n sirvi\u00f3 como un recordatorio de la unidad de la comunidad y el profundo amor por la cultura. Los asistentes se sumergieron en un ambiente festivo que captur\u00f3 el esp\u00edritu de la independencia y el fervor patri\u00f3tico que ha perdurado a lo largo de los a\u00f1os. Esta noche, Atlacomulco demostr\u00f3 una vez m\u00e1s su compromiso con la tradici\u00f3n y el orgullo nacional.<\/p>\n","protected":false},"excerpt":{"rendered":"<p>Adem\u00e1s de la m\u00fasica, la celebraci\u00f3n ofreci\u00f3 una amplia variedad de eventos culturales y actividades para todas las edades. La tradici\u00f3n del Grito de Independencia cobr\u00f3 vida en Atlacomulco, donde los lugare\u00f1os y visitantes se unieron para celebrar el valiente esp\u00edritu de lucha y libertad que marc\u00f3 el inicio de la historia de M\u00e9xico. Bajo [&hellip;]<\/p>\n","protected":false},"author":1,"featured_media":36360,"comment_status":"closed","ping_status":"closed","sticky":false,"template":"","format":"standard","meta":{"footnotes":""},"categories":[36],"tags":[],"class_list":["post-36359","post","type-post","status-publish","format-standard","has-post-thumbnail","hentry","category-edomex"],"_links":{"self":[{"href":"https:\/\/elinformante.mx\/index.php?rest_route=\/wp\/v2\/posts\/36359","targetHints":{"allow":["GET"]}}],"collection":[{"href":"https:\/\/elinformante.mx\/index.php?rest_route=\/wp\/v2\/posts"}],"about":[{"href":"https:\/\/elinformante.mx\/index.php?rest_route=\/wp\/v2\/types\/post"}],"author":[{"embeddable":true,"href":"https:\/\/elinformante.mx\/index.php?rest_route=\/wp\/v2\/users\/1"}],"replies":[{"embeddable":true,"href":"https:\/\/elinformante.mx\/index.php?rest_route=%2Fwp%2Fv2%2Fcomments&post=36359"}],"version-history":[{"count":0,"href":"https:\/\/elinformante.mx\/index.php?rest_route=\/wp\/v2\/posts\/36359\/revisions"}],"wp:featuredmedia":[{"embeddable":true,"href":"https:\/\/elinformante.mx\/index.php?rest_route=\/wp\/v2\/media\/36360"}],"wp:attachment":[{"href":"https:\/\/elinformante.mx\/index.php?rest_route=%2Fwp%2Fv2%2Fmedia&parent=36359"}],"wp:term":[{"taxonomy":"category","embeddable":true,"href":"https:\/\/elinformante.mx\/index.php?rest_route=%2Fwp%2Fv2%2Fcategories&post=36359"},{"taxonomy":"post_tag","embeddable":true,"href":"https:\/\/elinformante.mx\/index.php?rest_route=%2Fwp%2Fv2%2Ftags&post=36359"}],"curies":[{"name":"wp","href":"https:\/\/api.w.org\/{rel}","templated":true}]}}