{"id":36363,"date":"2023-09-18T14:20:25","date_gmt":"2023-09-18T14:20:25","guid":{"rendered":"https:\/\/elinformante.mx\/?p=36363"},"modified":"2023-09-18T14:20:26","modified_gmt":"2023-09-18T14:20:26","slug":"celebra-metepec-una-noche-mexicana-muy-especial-con-su-presidente-municipal","status":"publish","type":"post","link":"https:\/\/elinformante.mx\/?p=36363","title":{"rendered":"Celebra Metepec una Noche Mexicana muy especial con su presidente municipal"},"content":{"rendered":"\n<blockquote class=\"wp-block-quote is-layout-flow wp-block-quote-is-layout-flow\">\n<p>Se vivi\u00f3 en el municipio alfarero una Noche Mexicana llena de fervor patrio como nunca antes se vio.<\/p>\n<\/blockquote>\n\n\n\n<p>El presidente municipal de Metepec, Fernando Flores Fern\u00e1ndez, encabez\u00f3 la ceremonia con motivo del 213 Aniversario del Inicio de la Independencia de M\u00e9xico, pero lo que llam\u00f3 la atenci\u00f3n fue el recibimiento que los habitantes del municipio dieron al presidente municipal y a la presidenta honoraria del DIF, Ira\u00ed Albarr\u00e1n Segura.<br><\/p>\n\n\n\n<p>El edil estuvo en el pueblo de San Jer\u00f3nimo Chicahualco, la Unidad Habitacional Andr\u00e9s Molina Enr\u00edquez, as\u00ed como en la Plaza Ju\u00e1rez en el centro de Metepec, donde fue el acto principal.<br><\/p>\n\n\n\n<p>Al igual que el a\u00f1o pasado, visit\u00f3 dos comunidades para presidir la ceremonia c\u00edvica y replicar el Grito de Dolores.<br><\/p>\n\n\n\n<p>En los tres lugares, como en el resto del municipio, se vivi\u00f3 la festividad con algarab\u00eda que alcanz\u00f3 a miles de familias reunidas en distintas delegaciones con mayor presencia en el Pueblo M\u00e1gico donde se tuvo registro, de acuerdo a Protecci\u00f3n Civil, de m\u00e1s de 10 mil personas.<br><\/p>\n\n\n\n<figure class=\"wp-block-image size-large\"><img fetchpriority=\"high\" decoding=\"async\" width=\"1024\" height=\"503\" src=\"https:\/\/elinformante.mx\/wp-content\/uploads\/2023\/09\/CELEBRA-METEPEC-2-1024x503.jpg\" alt=\"\" class=\"wp-image-36365\" srcset=\"https:\/\/elinformante.mx\/wp-content\/uploads\/2023\/09\/CELEBRA-METEPEC-2-1024x503.jpg 1024w, https:\/\/elinformante.mx\/wp-content\/uploads\/2023\/09\/CELEBRA-METEPEC-2-300x147.jpg 300w, https:\/\/elinformante.mx\/wp-content\/uploads\/2023\/09\/CELEBRA-METEPEC-2-768x377.jpg 768w, https:\/\/elinformante.mx\/wp-content\/uploads\/2023\/09\/CELEBRA-METEPEC-2-580x285.jpg 580w, https:\/\/elinformante.mx\/wp-content\/uploads\/2023\/09\/CELEBRA-METEPEC-2-860x422.jpg 860w, https:\/\/elinformante.mx\/wp-content\/uploads\/2023\/09\/CELEBRA-METEPEC-2.jpg 1140w\" sizes=\"(max-width: 1024px) 100vw, 1024px\" \/><\/figure>\n\n\n\n<p>Con saldo blanco, concluy\u00f3 la noche de M\u00e9xico en el municipio, donde se aplic\u00f3 un operativo especial en el que particip\u00f3 la Corporaci\u00f3n de Polic\u00eda, La Coordinaci\u00f3n de Protecci\u00f3n Civil y Bomberos, al igual que personal de Gobernaci\u00f3n, todas del municipio, con apoyo de la Secretar\u00eda de Seguridad Estatal.<br><\/p>\n\n\n\n<p>El alcalde Fernando Flores, tambi\u00e9n estuvo la noche del viernes en la Direcci\u00f3n de Seguridad P\u00fablica para liberar a las personas resguardadas por faltas administrativas, como un gesto al hecho que se vivi\u00f3 la noche de 1810 donde el cura Miguel Hidalgo liber\u00f3 a los presos de la c\u00e1rcel.<br><\/p>\n\n\n\n<p>La fiesta en Metepec, que incluy\u00f3 verbena popular, interpretaciones art\u00edsticas, juegos pirot\u00e9cnicos, honores a los s\u00edmbolos patrios y m\u00e1s, tuvo la presentaci\u00f3n del artista estelar Julio Preciado.<br><\/p>\n\n\n\n<p>La actividad en general durante toda la jornada c\u00edvica, se vivi\u00f3 en calma, con j\u00fabilo, emoci\u00f3n y orgullo de los asistentes.<br><\/p>\n\n\n\n<p>Previo a las actividades de la noche del 15 de septiembre, el alcalde Fernando Flores, realiz\u00f3 el abanderamiento de 52 Delegaciones en tres distintos puntos.<\/p>\n","protected":false},"excerpt":{"rendered":"<p>Se vivi\u00f3 en el municipio alfarero una Noche Mexicana llena de fervor patrio como nunca antes se vio. El presidente municipal de Metepec, Fernando Flores Fern\u00e1ndez, encabez\u00f3 la ceremonia con motivo del 213 Aniversario del Inicio de la Independencia de M\u00e9xico, pero lo que llam\u00f3 la atenci\u00f3n fue el recibimiento que los habitantes del municipio [&hellip;]<\/p>\n","protected":false},"author":1,"featured_media":36364,"comment_status":"closed","ping_status":"closed","sticky":false,"template":"","format":"standard","meta":{"footnotes":""},"categories":[38,36],"tags":[],"class_list":["post-36363","post","type-post","status-publish","format-standard","has-post-thumbnail","hentry","category-deportes","category-edomex"],"_links":{"self":[{"href":"https:\/\/elinformante.mx\/index.php?rest_route=\/wp\/v2\/posts\/36363","targetHints":{"allow":["GET"]}}],"collection":[{"href":"https:\/\/elinformante.mx\/index.php?rest_route=\/wp\/v2\/posts"}],"about":[{"href":"https:\/\/elinformante.mx\/index.php?rest_route=\/wp\/v2\/types\/post"}],"author":[{"embeddable":true,"href":"https:\/\/elinformante.mx\/index.php?rest_route=\/wp\/v2\/users\/1"}],"replies":[{"embeddable":true,"href":"https:\/\/elinformante.mx\/index.php?rest_route=%2Fwp%2Fv2%2Fcomments&post=36363"}],"version-history":[{"count":0,"href":"https:\/\/elinformante.mx\/index.php?rest_route=\/wp\/v2\/posts\/36363\/revisions"}],"wp:featuredmedia":[{"embeddable":true,"href":"https:\/\/elinformante.mx\/index.php?rest_route=\/wp\/v2\/media\/36364"}],"wp:attachment":[{"href":"https:\/\/elinformante.mx\/index.php?rest_route=%2Fwp%2Fv2%2Fmedia&parent=36363"}],"wp:term":[{"taxonomy":"category","embeddable":true,"href":"https:\/\/elinformante.mx\/index.php?rest_route=%2Fwp%2Fv2%2Fcategories&post=36363"},{"taxonomy":"post_tag","embeddable":true,"href":"https:\/\/elinformante.mx\/index.php?rest_route=%2Fwp%2Fv2%2Ftags&post=36363"}],"curies":[{"name":"wp","href":"https:\/\/api.w.org\/{rel}","templated":true}]}}