{"id":36381,"date":"2023-09-18T14:32:31","date_gmt":"2023-09-18T14:32:31","guid":{"rendered":"https:\/\/elinformante.mx\/?p=36381"},"modified":"2023-09-18T14:32:32","modified_gmt":"2023-09-18T14:32:32","slug":"regresa-el-festival-cultural-de-la-unam","status":"publish","type":"post","link":"https:\/\/elinformante.mx\/?p=36381","title":{"rendered":"Regresa el Festival Cultural de la UNAM"},"content":{"rendered":"\n<blockquote class=\"wp-block-quote is-layout-flow wp-block-quote-is-layout-flow\">\n<p>Este evento forma parte del Festival Cultural de la UNAM, con el que se contempla una fiesta masiva en las Islas de CU.<\/p>\n<\/blockquote>\n\n\n\n<p>En el mes de octubre de 2023 se realizar\u00e1 un concierto gratuito en las Islas de Ciudad Universitaria (CU) de la Universidad Nacional Aut\u00f3noma de M\u00e9xico (UNAM).<br><\/p>\n\n\n\n<p>Este evento forma parte del Festival Cultural de la UNAM, con el que se contempla una fiesta masiva en las Islas de CU.<br><\/p>\n\n\n\n<p>Como parte de este festival se ofrecer\u00e1 un evento musical gratuito que forma parte del proyecto M\u00fasica Contra el Olvido (MCO). Se piensa como un espect\u00e1culo diverso, pues se presentar\u00e1n agrupaciones de distintos g\u00e9neros musicales.<br><\/p>\n\n\n\n<p>El espect\u00e1culo se dar\u00e1 para conmemorar el D\u00eda Internacional de la M\u00fasica. Por ello, quieren hacerlo lo m\u00e1s diverso posible, abarcando g\u00e9neros como rock, pop psicod\u00e9lico, techno, m\u00fasica disco, entre otros.<br><\/p>\n\n\n\n<figure class=\"wp-block-image size-large\"><img fetchpriority=\"high\" decoding=\"async\" width=\"1024\" height=\"503\" src=\"https:\/\/elinformante.mx\/wp-content\/uploads\/2023\/09\/REGRESA-EL-2-1024x503.jpg\" alt=\"\" class=\"wp-image-36383\" srcset=\"https:\/\/elinformante.mx\/wp-content\/uploads\/2023\/09\/REGRESA-EL-2-1024x503.jpg 1024w, https:\/\/elinformante.mx\/wp-content\/uploads\/2023\/09\/REGRESA-EL-2-300x147.jpg 300w, https:\/\/elinformante.mx\/wp-content\/uploads\/2023\/09\/REGRESA-EL-2-768x377.jpg 768w, https:\/\/elinformante.mx\/wp-content\/uploads\/2023\/09\/REGRESA-EL-2-580x285.jpg 580w, https:\/\/elinformante.mx\/wp-content\/uploads\/2023\/09\/REGRESA-EL-2-860x422.jpg 860w, https:\/\/elinformante.mx\/wp-content\/uploads\/2023\/09\/REGRESA-EL-2.jpg 1140w\" sizes=\"(max-width: 1024px) 100vw, 1024px\" \/><\/figure>\n\n\n\n<p>Juan Ayala, director del Festival Cultural UNAM, dio a conocer m\u00e1s detalles del evento en una conferencia de prensa. Anunci\u00f3 que se llevar\u00eda a cabo el pr\u00f3ximo s\u00e1bado 14 de octubre en las Islas.<br><\/p>\n\n\n\n<p>Dar\u00e1 inicio a las 16:00 horas y concluir\u00e1 a las 22:00 ese mismo d\u00eda. En total ser\u00e1n seis horas de pura m\u00fasica. Cada banda dispondr\u00e1 de 45 minutos para tocar en el escenario, habiendo 10 minutos entre agrupaci\u00f3n y agrupaci\u00f3n para preparar el escenario. A continuaci\u00f3n te contamos un poco m\u00e1s del cartel.<br><\/p>\n\n\n\n<p>Todas las agrupaciones, aunque de distintos estilos y tradiciones musicales, ser\u00e1n mexicanas. El evento lo abrir\u00e1 la agrupaci\u00f3n GRLS, que es de pop psicod\u00e9lico. Se trata de una banda con melod\u00edas accesibles pero con una instrumentaci\u00f3n y producci\u00f3n et\u00e9rea, que producen toda una experiencia sensorial.<br><\/p>\n\n\n\n<p>TexTex es la siguiente banda. Es completamente distinta a la anterior, pues es m\u00e1s de corte rock. Originarios de Tlaxcala y formados en 1985, este grupo pretende traer un sonido m\u00e1s cl\u00e1sico del rock a este festival.<br><\/p>\n\n\n\n<p>La siguiente banda ser\u00e1 The Wookies, la cual toca una combinaci\u00f3n entre techno y m\u00fasica disco. Acumulan algunos a\u00f1os con prestigio porque han colaborado con artistas de talla internacional como The Chemical Brothers, Die Antwoord, Steve Aoki, entre otros.<br><\/p>\n\n\n\n<p>El evento lo cerrar\u00e1n Nortec y el Instituto Mexicano del Sonido, conocido como IMS. Ambos son grupos de m\u00fasica electr\u00f3nica que han ganado mucho reconocimiento a nivel internacional.<\/p>\n","protected":false},"excerpt":{"rendered":"<p>Este evento forma parte del Festival Cultural de la UNAM, con el que se contempla una fiesta masiva en las Islas de CU. En el mes de octubre de 2023 se realizar\u00e1 un concierto gratuito en las Islas de Ciudad Universitaria (CU) de la Universidad Nacional Aut\u00f3noma de M\u00e9xico (UNAM). Este evento forma parte del [&hellip;]<\/p>\n","protected":false},"author":1,"featured_media":36382,"comment_status":"closed","ping_status":"closed","sticky":false,"template":"","format":"standard","meta":{"footnotes":""},"categories":[35],"tags":[],"class_list":["post-36381","post","type-post","status-publish","format-standard","has-post-thumbnail","hentry","category-cdmx"],"_links":{"self":[{"href":"https:\/\/elinformante.mx\/index.php?rest_route=\/wp\/v2\/posts\/36381","targetHints":{"allow":["GET"]}}],"collection":[{"href":"https:\/\/elinformante.mx\/index.php?rest_route=\/wp\/v2\/posts"}],"about":[{"href":"https:\/\/elinformante.mx\/index.php?rest_route=\/wp\/v2\/types\/post"}],"author":[{"embeddable":true,"href":"https:\/\/elinformante.mx\/index.php?rest_route=\/wp\/v2\/users\/1"}],"replies":[{"embeddable":true,"href":"https:\/\/elinformante.mx\/index.php?rest_route=%2Fwp%2Fv2%2Fcomments&post=36381"}],"version-history":[{"count":0,"href":"https:\/\/elinformante.mx\/index.php?rest_route=\/wp\/v2\/posts\/36381\/revisions"}],"wp:featuredmedia":[{"embeddable":true,"href":"https:\/\/elinformante.mx\/index.php?rest_route=\/wp\/v2\/media\/36382"}],"wp:attachment":[{"href":"https:\/\/elinformante.mx\/index.php?rest_route=%2Fwp%2Fv2%2Fmedia&parent=36381"}],"wp:term":[{"taxonomy":"category","embeddable":true,"href":"https:\/\/elinformante.mx\/index.php?rest_route=%2Fwp%2Fv2%2Fcategories&post=36381"},{"taxonomy":"post_tag","embeddable":true,"href":"https:\/\/elinformante.mx\/index.php?rest_route=%2Fwp%2Fv2%2Ftags&post=36381"}],"curies":[{"name":"wp","href":"https:\/\/api.w.org\/{rel}","templated":true}]}}