{"id":36413,"date":"2023-09-18T14:55:21","date_gmt":"2023-09-18T14:55:21","guid":{"rendered":"https:\/\/elinformante.mx\/?p=36413"},"modified":"2023-09-18T14:55:22","modified_gmt":"2023-09-18T14:55:22","slug":"anuncia-el-senador-higinio-martinez-que-pedira-licencia-para-apoyar-a-delfina-gomez","status":"publish","type":"post","link":"https:\/\/elinformante.mx\/?p=36413","title":{"rendered":"Anuncia el senador Higinio Mart\u00ednez que pedir\u00e1 licencia para apoyar a Delfina G\u00f3mez"},"content":{"rendered":"\n<blockquote class=\"wp-block-quote is-layout-flow wp-block-quote-is-layout-flow\">\n<p>El Senado sesionar\u00e1 hasta el pr\u00f3ximo martes, cuando se espera d\u00e9 entrada a la solicitud de licencia del a\u00fan senador.<br><\/p>\n<\/blockquote>\n\n\n\n<p>Higinio Mart\u00ednez Miranda, reci\u00e9n designado Jefe de Gabinete y Proyectos Especiales en el Gobierno del Estado de M\u00e9xico, sostuvo que no existe distanciamiento alguno con la Gobernadora Delfina G\u00f3mez \u00c1lvarez y que, por el contrario, la mandataria cuenta con todo su apoyo para ayudarla en las tareas que le encomiende como titular de este nuevo cargo.<br><\/p>\n\n\n\n<p>\u201cHay mucho que hacer por nuestra entidad y la gobernadora cuenta con todo mi apoyo para ayudarla en las tareas que me encomiende y me ordene\u201d indic\u00f3 en sus redes sociales, donde aludi\u00f3 a los comentarios, algunos de ellos intencionados, del porqu\u00e9 no asisti\u00f3 a las actividades del 15 y 16 de septiembre en Toluca.<br><\/p>\n\n\n\n<p>Mart\u00ednez Miranda dijo que es importante aclarar que previamente inform\u00f3 a la gobernadora sus motivos para no asistir a dichos actos.<br><\/p>\n\n\n\n<p>\u201cEl nombramiento que me hizo, como jefe de Gabinete y Proyectos Especiales de su Gobierno, fue anunciado p\u00fablicamente el mi\u00e9rcoles 13 por la tarde. Para esa fecha no hab\u00eda presentado mi licencia en el Senado de la Rep\u00fablica, por lo cual no pod\u00eda tomar protesta como funcionario de su gobierno en tanto no me sea concedida la licencia\u201d.<br><\/p>\n\n\n\n<p>Por otra parte, no intervino en los actos de entrega-recepci\u00f3n, porque el cargo de Jefe de Gabinete es de nueva creaci\u00f3n y \u201cno he tenido que participar en las actividades de entrega-recepci\u00f3n\u201d.<br><\/p>\n\n\n\n<p>Record\u00f3 que lleva m\u00e1s de 13 a\u00f1os apoyando a la maestra Delfina G\u00f3mez \u201cy la apoyar\u00e9 como funcionario de su gobierno hasta el momento que ella lo decida\u201d.<br><\/p>\n\n\n\n<p>Cabe se\u00f1alar que el Senado sesionar\u00e1 hasta el pr\u00f3ximo martes, cuando se espera d\u00e9 entrada a la solicitud de licencia del a\u00fan senador.<\/p>\n","protected":false},"excerpt":{"rendered":"<p>El Senado sesionar\u00e1 hasta el pr\u00f3ximo martes, cuando se espera d\u00e9 entrada a la solicitud de licencia del a\u00fan senador. Higinio Mart\u00ednez Miranda, reci\u00e9n designado Jefe de Gabinete y Proyectos Especiales en el Gobierno del Estado de M\u00e9xico, sostuvo que no existe distanciamiento alguno con la Gobernadora Delfina G\u00f3mez \u00c1lvarez y que, por el contrario, [&hellip;]<\/p>\n","protected":false},"author":1,"featured_media":36414,"comment_status":"closed","ping_status":"closed","sticky":false,"template":"","format":"standard","meta":{"footnotes":""},"categories":[30,31],"tags":[],"class_list":["post-36413","post","type-post","status-publish","format-standard","has-post-thumbnail","hentry","category-destacado","category-portada"],"_links":{"self":[{"href":"https:\/\/elinformante.mx\/index.php?rest_route=\/wp\/v2\/posts\/36413","targetHints":{"allow":["GET"]}}],"collection":[{"href":"https:\/\/elinformante.mx\/index.php?rest_route=\/wp\/v2\/posts"}],"about":[{"href":"https:\/\/elinformante.mx\/index.php?rest_route=\/wp\/v2\/types\/post"}],"author":[{"embeddable":true,"href":"https:\/\/elinformante.mx\/index.php?rest_route=\/wp\/v2\/users\/1"}],"replies":[{"embeddable":true,"href":"https:\/\/elinformante.mx\/index.php?rest_route=%2Fwp%2Fv2%2Fcomments&post=36413"}],"version-history":[{"count":0,"href":"https:\/\/elinformante.mx\/index.php?rest_route=\/wp\/v2\/posts\/36413\/revisions"}],"wp:featuredmedia":[{"embeddable":true,"href":"https:\/\/elinformante.mx\/index.php?rest_route=\/wp\/v2\/media\/36414"}],"wp:attachment":[{"href":"https:\/\/elinformante.mx\/index.php?rest_route=%2Fwp%2Fv2%2Fmedia&parent=36413"}],"wp:term":[{"taxonomy":"category","embeddable":true,"href":"https:\/\/elinformante.mx\/index.php?rest_route=%2Fwp%2Fv2%2Fcategories&post=36413"},{"taxonomy":"post_tag","embeddable":true,"href":"https:\/\/elinformante.mx\/index.php?rest_route=%2Fwp%2Fv2%2Ftags&post=36413"}],"curies":[{"name":"wp","href":"https:\/\/api.w.org\/{rel}","templated":true}]}}